{"id":101,"date":"2019-10-13T09:00:00","date_gmt":"2019-10-13T07:00:00","guid":{"rendered":"https:\/\/wp.vianina.com\/2019\/10\/13\/kalenderdesign-fuer-den-10-bezirk-wiens\/"},"modified":"2024-09-22T15:16:56","modified_gmt":"2024-09-22T13:16:56","slug":"kalenderdesign-fuer-den-10-bezirk-wiens","status":"publish","type":"post","link":"https:\/\/vianina.com\/blog\/kalenderdesign-fuer-den-10-bezirk-wiens\/","title":{"rendered":"Kalenderdesign f\u00fcr den 10. Bezirk Wiens"},"content":{"rendered":"\n<p><big>2018 habe ich ja bereits eine Vianina-Map von Favoriten, dem 10. Wiener Gemeindebezirk, im Auftrag von Peter Sittler gezeichnet. Dieser ist dort aufgewachsen und liebt diesen sehr Bezirk so sehr, dass er mich 2021 wieder beauftragte und einen Kalender bestellte. <\/big><\/p>\n\n\n\n<p>Favoriten ist ja ein Bezirk, der sehr urban ist und gleichzeitig l\u00e4ndlich. Im Norden findest Du den Hauptbahnhof mit dem super modernen Sonnwendviertel und der Shoppingmeile Favoritenstra\u00dfe, im Osten den B\u00f6hmischen Prater, im S\u00fcden die Therme Wien, Heurigenlokale und Felder und im Westen das Erholungsgebiet Wienerberg.<\/p>\n\n\n\n<p>So kam die Idee den Bezirk in 12 Gr\u00e4tzl aufzuteilen und jeden Monat im Jahr 2022 mit einer Gr\u00e4tzl-Illustration zu verzieren. Das Partionieren war neben dem Zeichnen eine sehr knifflige Aufgabe, da die Grenzen teilweise nicht so leicht einzusch\u00e4tzen waren. Vor allem f\u00fcr mich, die ich ja nicht in diesem Bezirk heimisch bin. Zuletzt haben wir es aber mit vereinter Kraft geschafft und sind stolz auf das sch\u00f6ne Ergebnis!<\/p>\n\n\n\n<figure class=\"wp-block-image size-large\"><img loading=\"lazy\" decoding=\"async\" width=\"1024\" height=\"650\" src=\"https:\/\/vianina.com\/blog\/wp-content\/uploads\/vianina-favoriten-kalender2022-3-1024x650.jpg\" alt=\"\" class=\"wp-image-349\" srcset=\"https:\/\/vianina.com\/blog\/wp-content\/uploads\/vianina-favoriten-kalender2022-3-1024x650.jpg 1024w, https:\/\/vianina.com\/blog\/wp-content\/uploads\/vianina-favoriten-kalender2022-3-300x190.jpg 300w, https:\/\/vianina.com\/blog\/wp-content\/uploads\/vianina-favoriten-kalender2022-3-768x488.jpg 768w, https:\/\/vianina.com\/blog\/wp-content\/uploads\/vianina-favoriten-kalender2022-3.jpg 1260w\" sizes=\"auto, (max-width: 1024px) 100vw, 1024px\" \/><\/figure>\n\n\n\n<figure class=\"wp-block-image size-large\"><img loading=\"lazy\" decoding=\"async\" width=\"1024\" height=\"650\" src=\"https:\/\/vianina.com\/blog\/wp-content\/uploads\/vianina-favoriten-kalender2022-2-1024x650.jpg\" alt=\"\" class=\"wp-image-348\" srcset=\"https:\/\/vianina.com\/blog\/wp-content\/uploads\/vianina-favoriten-kalender2022-2-1024x650.jpg 1024w, https:\/\/vianina.com\/blog\/wp-content\/uploads\/vianina-favoriten-kalender2022-2-300x190.jpg 300w, https:\/\/vianina.com\/blog\/wp-content\/uploads\/vianina-favoriten-kalender2022-2-768x488.jpg 768w, https:\/\/vianina.com\/blog\/wp-content\/uploads\/vianina-favoriten-kalender2022-2.jpg 1260w\" sizes=\"auto, (max-width: 1024px) 100vw, 1024px\" \/><\/figure>\n\n\n\n<figure class=\"wp-block-image size-large is-resized\"><img loading=\"lazy\" decoding=\"async\" width=\"1024\" height=\"650\" src=\"https:\/\/vianina.com\/blog\/wp-content\/uploads\/vianina-favoriten-kalender2022-4-1024x650.jpg\" alt=\"\" class=\"wp-image-350\" style=\"aspect-ratio:1;width:620px;height:auto\" srcset=\"https:\/\/vianina.com\/blog\/wp-content\/uploads\/vianina-favoriten-kalender2022-4-1024x650.jpg 1024w, https:\/\/vianina.com\/blog\/wp-content\/uploads\/vianina-favoriten-kalender2022-4-300x190.jpg 300w, https:\/\/vianina.com\/blog\/wp-content\/uploads\/vianina-favoriten-kalender2022-4-768x488.jpg 768w, https:\/\/vianina.com\/blog\/wp-content\/uploads\/vianina-favoriten-kalender2022-4.jpg 1260w\" sizes=\"auto, (max-width: 1024px) 100vw, 1024px\" \/><\/figure>\n\n\n\n<figure class=\"wp-block-image size-large\"><img loading=\"lazy\" decoding=\"async\" width=\"1024\" height=\"650\" src=\"https:\/\/vianina.com\/blog\/wp-content\/uploads\/vianina-favoriten-kalender2022-5-1024x650.jpg\" alt=\"\" class=\"wp-image-351\" srcset=\"https:\/\/vianina.com\/blog\/wp-content\/uploads\/vianina-favoriten-kalender2022-5-1024x650.jpg 1024w, https:\/\/vianina.com\/blog\/wp-content\/uploads\/vianina-favoriten-kalender2022-5-300x190.jpg 300w, https:\/\/vianina.com\/blog\/wp-content\/uploads\/vianina-favoriten-kalender2022-5-768x488.jpg 768w, https:\/\/vianina.com\/blog\/wp-content\/uploads\/vianina-favoriten-kalender2022-5.jpg 1260w\" sizes=\"auto, (max-width: 1024px) 100vw, 1024px\" \/><\/figure>\n\n\n\n<p>&nbsp;<\/p>\n","protected":false},"excerpt":{"rendered":"<p>2018 habe ich ja bereits einen Vianina-Plan von Favoriten, dem 10. Wiener Gemeindebezirk, im Auftrag von Peter Sittler gezeichnet. Dieser ist dort aufgewachsen und liebt diesen sehr bunten Bezirk so sehr, dass er mich 2021 wieder beauftragte und einen Kalender bestellte. Diesmal splitteten wir den Bezirk in 12 Gr\u00e4tzl auf und so wurde jeder Monat im Jahr 2022 mit einer Gr\u00e4tzl-Illustration verziert.<\/p>\n","protected":false},"author":2,"featured_media":349,"comment_status":"closed","ping_status":"open","sticky":false,"template":"","format":"standard","meta":{"inline_featured_image":false,"footnotes":""},"categories":[1],"tags":[],"class_list":["post-101","post","type-post","status-publish","format-standard","has-post-thumbnail","hentry","category-allgemein"],"yoast_head":"<!-- This site is optimized with the Yoast SEO plugin v24.5 - https:\/\/yoast.com\/wordpress\/plugins\/seo\/ -->\n<title>Kalenderdesign f\u00fcr den 10. Bezirk Wiens - Vianina Blog<\/title>\n<meta name=\"robots\" content=\"index, follow, max-snippet:-1, max-image-preview:large, max-video-preview:-1\" \/>\n<link rel=\"canonical\" href=\"https:\/\/vianina.com\/blog\/kalenderdesign-fuer-den-10-bezirk-wiens\/\" \/>\n<meta property=\"og:locale\" content=\"de_DE\" \/>\n<meta property=\"og:type\" content=\"article\" \/>\n<meta property=\"og:title\" content=\"Kalenderdesign f\u00fcr den 10. Bezirk Wiens - Vianina Blog\" \/>\n<meta property=\"og:description\" content=\"2018 habe ich ja bereits einen Vianina-Plan von Favoriten, dem 10. Wiener Gemeindebezirk, im Auftrag von Peter Sittler gezeichnet. Dieser ist dort aufgewachsen und liebt diesen sehr bunten Bezirk so sehr, dass er mich 2021 wieder beauftragte und einen Kalender bestellte. Diesmal splitteten wir den Bezirk in 12 Gr\u00e4tzl auf und so wurde jeder Monat im Jahr 2022 mit einer Gr\u00e4tzl-Illustration verziert.\" \/>\n<meta property=\"og:url\" content=\"https:\/\/vianina.com\/blog\/kalenderdesign-fuer-den-10-bezirk-wiens\/\" \/>\n<meta property=\"og:site_name\" content=\"Vianina Blog\" \/>\n<meta property=\"article:publisher\" content=\"https:\/\/www.facebook.com\/vianinacitymaps\/\" \/>\n<meta property=\"article:published_time\" content=\"2019-10-13T07:00:00+00:00\" \/>\n<meta property=\"article:modified_time\" content=\"2024-09-22T13:16:56+00:00\" \/>\n<meta property=\"og:image\" content=\"https:\/\/vianina.com\/blog\/wp-content\/uploads\/vianina-favoriten-kalender2022-3.jpg\" \/>\n\t<meta property=\"og:image:width\" content=\"1260\" \/>\n\t<meta property=\"og:image:height\" content=\"800\" \/>\n\t<meta property=\"og:image:type\" content=\"image\/jpeg\" \/>\n<meta name=\"author\" content=\"Nina Wilsmann\" \/>\n<meta name=\"twitter:card\" content=\"summary_large_image\" \/>\n<meta name=\"twitter:label1\" content=\"Verfasst von\" \/>\n\t<meta name=\"twitter:data1\" content=\"Nina Wilsmann\" \/>\n\t<meta name=\"twitter:label2\" content=\"Gesch\u00e4tzte Lesezeit\" \/>\n\t<meta name=\"twitter:data2\" content=\"2\u00a0Minuten\" \/>\n<script type=\"application\/ld+json\" class=\"yoast-schema-graph\">{\"@context\":\"https:\/\/schema.org\",\"@graph\":[{\"@type\":\"Article\",\"@id\":\"https:\/\/vianina.com\/blog\/kalenderdesign-fuer-den-10-bezirk-wiens\/#article\",\"isPartOf\":{\"@id\":\"https:\/\/vianina.com\/blog\/kalenderdesign-fuer-den-10-bezirk-wiens\/\"},\"author\":{\"name\":\"Nina Wilsmann\",\"@id\":\"https:\/\/vianina.com\/blog\/#\/schema\/person\/7366472c14acd3ca80c820ff42b92c8d\"},\"headline\":\"Kalenderdesign f\u00fcr den 10. Bezirk Wiens\",\"datePublished\":\"2019-10-13T07:00:00+00:00\",\"dateModified\":\"2024-09-22T13:16:56+00:00\",\"mainEntityOfPage\":{\"@id\":\"https:\/\/vianina.com\/blog\/kalenderdesign-fuer-den-10-bezirk-wiens\/\"},\"wordCount\":166,\"publisher\":{\"@id\":\"https:\/\/vianina.com\/blog\/#organization\"},\"image\":{\"@id\":\"https:\/\/vianina.com\/blog\/kalenderdesign-fuer-den-10-bezirk-wiens\/#primaryimage\"},\"thumbnailUrl\":\"https:\/\/vianina.com\/blog\/wp-content\/uploads\/vianina-favoriten-kalender2022-3.jpg\",\"inLanguage\":\"de\"},{\"@type\":\"WebPage\",\"@id\":\"https:\/\/vianina.com\/blog\/kalenderdesign-fuer-den-10-bezirk-wiens\/\",\"url\":\"https:\/\/vianina.com\/blog\/kalenderdesign-fuer-den-10-bezirk-wiens\/\",\"name\":\"Kalenderdesign f\u00fcr den 10. Bezirk Wiens - Vianina Blog\",\"isPartOf\":{\"@id\":\"https:\/\/vianina.com\/blog\/#website\"},\"primaryImageOfPage\":{\"@id\":\"https:\/\/vianina.com\/blog\/kalenderdesign-fuer-den-10-bezirk-wiens\/#primaryimage\"},\"image\":{\"@id\":\"https:\/\/vianina.com\/blog\/kalenderdesign-fuer-den-10-bezirk-wiens\/#primaryimage\"},\"thumbnailUrl\":\"https:\/\/vianina.com\/blog\/wp-content\/uploads\/vianina-favoriten-kalender2022-3.jpg\",\"datePublished\":\"2019-10-13T07:00:00+00:00\",\"dateModified\":\"2024-09-22T13:16:56+00:00\",\"breadcrumb\":{\"@id\":\"https:\/\/vianina.com\/blog\/kalenderdesign-fuer-den-10-bezirk-wiens\/#breadcrumb\"},\"inLanguage\":\"de\",\"potentialAction\":[{\"@type\":\"ReadAction\",\"target\":[\"https:\/\/vianina.com\/blog\/kalenderdesign-fuer-den-10-bezirk-wiens\/\"]}]},{\"@type\":\"ImageObject\",\"inLanguage\":\"de\",\"@id\":\"https:\/\/vianina.com\/blog\/kalenderdesign-fuer-den-10-bezirk-wiens\/#primaryimage\",\"url\":\"https:\/\/vianina.com\/blog\/wp-content\/uploads\/vianina-favoriten-kalender2022-3.jpg\",\"contentUrl\":\"https:\/\/vianina.com\/blog\/wp-content\/uploads\/vianina-favoriten-kalender2022-3.jpg\",\"width\":1260,\"height\":800},{\"@type\":\"BreadcrumbList\",\"@id\":\"https:\/\/vianina.com\/blog\/kalenderdesign-fuer-den-10-bezirk-wiens\/#breadcrumb\",\"itemListElement\":[{\"@type\":\"ListItem\",\"position\":1,\"name\":\"Startseite\",\"item\":\"https:\/\/vianina.com\/blog\/\"},{\"@type\":\"ListItem\",\"position\":2,\"name\":\"Kalenderdesign f\u00fcr den 10. Bezirk Wiens\"}]},{\"@type\":\"WebSite\",\"@id\":\"https:\/\/vianina.com\/blog\/#website\",\"url\":\"https:\/\/vianina.com\/blog\/\",\"name\":\"Vianina Blog\",\"description\":\"Maps to the heart\",\"publisher\":{\"@id\":\"https:\/\/vianina.com\/blog\/#organization\"},\"alternateName\":\"Maps to the heart\",\"potentialAction\":[{\"@type\":\"SearchAction\",\"target\":{\"@type\":\"EntryPoint\",\"urlTemplate\":\"https:\/\/vianina.com\/blog\/?s={search_term_string}\"},\"query-input\":{\"@type\":\"PropertyValueSpecification\",\"valueRequired\":true,\"valueName\":\"search_term_string\"}}],\"inLanguage\":\"de\"},{\"@type\":\"Organization\",\"@id\":\"https:\/\/vianina.com\/blog\/#organization\",\"name\":\"Vianina Blog\",\"alternateName\":\"Maps to the heart\",\"url\":\"https:\/\/vianina.com\/blog\/\",\"logo\":{\"@type\":\"ImageObject\",\"inLanguage\":\"de\",\"@id\":\"https:\/\/vianina.com\/blog\/#\/schema\/logo\/image\/\",\"url\":\"https:\/\/vianina.com\/blog\/wp-content\/uploads\/vianina-logo.svg\",\"contentUrl\":\"https:\/\/vianina.com\/blog\/wp-content\/uploads\/vianina-logo.svg\",\"width\":\"1024\",\"height\":\"1024\",\"caption\":\"Vianina Blog\"},\"image\":{\"@id\":\"https:\/\/vianina.com\/blog\/#\/schema\/logo\/image\/\"},\"sameAs\":[\"https:\/\/www.facebook.com\/vianinacitymaps\/\",\"https:\/\/www.instagram.com\/vianinacitymaps\/\"]},{\"@type\":\"Person\",\"@id\":\"https:\/\/vianina.com\/blog\/#\/schema\/person\/7366472c14acd3ca80c820ff42b92c8d\",\"name\":\"Nina Wilsmann\",\"image\":{\"@type\":\"ImageObject\",\"inLanguage\":\"de\",\"@id\":\"https:\/\/vianina.com\/blog\/#\/schema\/person\/image\/\",\"url\":\"https:\/\/secure.gravatar.com\/avatar\/652e1c0af8c917552325f80b970bb9ade407b38fa99aff015b98bda58d1fa710?s=96&d=mm&r=g\",\"contentUrl\":\"https:\/\/secure.gravatar.com\/avatar\/652e1c0af8c917552325f80b970bb9ade407b38fa99aff015b98bda58d1fa710?s=96&d=mm&r=g\",\"caption\":\"Nina Wilsmann\"},\"sameAs\":[\"http:\/\/vianina.com\"],\"url\":\"https:\/\/vianina.com\/blog\/author\/hellovianina-com\/\"}]}<\/script>\n<!-- \/ Yoast SEO plugin. -->","yoast_head_json":{"title":"Kalenderdesign f\u00fcr den 10. Bezirk Wiens - Vianina Blog","robots":{"index":"index","follow":"follow","max-snippet":"max-snippet:-1","max-image-preview":"max-image-preview:large","max-video-preview":"max-video-preview:-1"},"canonical":"https:\/\/vianina.com\/blog\/kalenderdesign-fuer-den-10-bezirk-wiens\/","og_locale":"de_DE","og_type":"article","og_title":"Kalenderdesign f\u00fcr den 10. Bezirk Wiens - Vianina Blog","og_description":"2018 habe ich ja bereits einen Vianina-Plan von Favoriten, dem 10. Wiener Gemeindebezirk, im Auftrag von Peter Sittler gezeichnet. Dieser ist dort aufgewachsen und liebt diesen sehr bunten Bezirk so sehr, dass er mich 2021 wieder beauftragte und einen Kalender bestellte. Diesmal splitteten wir den Bezirk in 12 Gr\u00e4tzl auf und so wurde jeder Monat im Jahr 2022 mit einer Gr\u00e4tzl-Illustration verziert.","og_url":"https:\/\/vianina.com\/blog\/kalenderdesign-fuer-den-10-bezirk-wiens\/","og_site_name":"Vianina Blog","article_publisher":"https:\/\/www.facebook.com\/vianinacitymaps\/","article_published_time":"2019-10-13T07:00:00+00:00","article_modified_time":"2024-09-22T13:16:56+00:00","og_image":[{"width":1260,"height":800,"url":"https:\/\/vianina.com\/blog\/wp-content\/uploads\/vianina-favoriten-kalender2022-3.jpg","type":"image\/jpeg"}],"author":"Nina Wilsmann","twitter_card":"summary_large_image","twitter_misc":{"Verfasst von":"Nina Wilsmann","Gesch\u00e4tzte Lesezeit":"2\u00a0Minuten"},"schema":{"@context":"https:\/\/schema.org","@graph":[{"@type":"Article","@id":"https:\/\/vianina.com\/blog\/kalenderdesign-fuer-den-10-bezirk-wiens\/#article","isPartOf":{"@id":"https:\/\/vianina.com\/blog\/kalenderdesign-fuer-den-10-bezirk-wiens\/"},"author":{"name":"Nina Wilsmann","@id":"https:\/\/vianina.com\/blog\/#\/schema\/person\/7366472c14acd3ca80c820ff42b92c8d"},"headline":"Kalenderdesign f\u00fcr den 10. Bezirk Wiens","datePublished":"2019-10-13T07:00:00+00:00","dateModified":"2024-09-22T13:16:56+00:00","mainEntityOfPage":{"@id":"https:\/\/vianina.com\/blog\/kalenderdesign-fuer-den-10-bezirk-wiens\/"},"wordCount":166,"publisher":{"@id":"https:\/\/vianina.com\/blog\/#organization"},"image":{"@id":"https:\/\/vianina.com\/blog\/kalenderdesign-fuer-den-10-bezirk-wiens\/#primaryimage"},"thumbnailUrl":"https:\/\/vianina.com\/blog\/wp-content\/uploads\/vianina-favoriten-kalender2022-3.jpg","inLanguage":"de"},{"@type":"WebPage","@id":"https:\/\/vianina.com\/blog\/kalenderdesign-fuer-den-10-bezirk-wiens\/","url":"https:\/\/vianina.com\/blog\/kalenderdesign-fuer-den-10-bezirk-wiens\/","name":"Kalenderdesign f\u00fcr den 10. Bezirk Wiens - Vianina Blog","isPartOf":{"@id":"https:\/\/vianina.com\/blog\/#website"},"primaryImageOfPage":{"@id":"https:\/\/vianina.com\/blog\/kalenderdesign-fuer-den-10-bezirk-wiens\/#primaryimage"},"image":{"@id":"https:\/\/vianina.com\/blog\/kalenderdesign-fuer-den-10-bezirk-wiens\/#primaryimage"},"thumbnailUrl":"https:\/\/vianina.com\/blog\/wp-content\/uploads\/vianina-favoriten-kalender2022-3.jpg","datePublished":"2019-10-13T07:00:00+00:00","dateModified":"2024-09-22T13:16:56+00:00","breadcrumb":{"@id":"https:\/\/vianina.com\/blog\/kalenderdesign-fuer-den-10-bezirk-wiens\/#breadcrumb"},"inLanguage":"de","potentialAction":[{"@type":"ReadAction","target":["https:\/\/vianina.com\/blog\/kalenderdesign-fuer-den-10-bezirk-wiens\/"]}]},{"@type":"ImageObject","inLanguage":"de","@id":"https:\/\/vianina.com\/blog\/kalenderdesign-fuer-den-10-bezirk-wiens\/#primaryimage","url":"https:\/\/vianina.com\/blog\/wp-content\/uploads\/vianina-favoriten-kalender2022-3.jpg","contentUrl":"https:\/\/vianina.com\/blog\/wp-content\/uploads\/vianina-favoriten-kalender2022-3.jpg","width":1260,"height":800},{"@type":"BreadcrumbList","@id":"https:\/\/vianina.com\/blog\/kalenderdesign-fuer-den-10-bezirk-wiens\/#breadcrumb","itemListElement":[{"@type":"ListItem","position":1,"name":"Startseite","item":"https:\/\/vianina.com\/blog\/"},{"@type":"ListItem","position":2,"name":"Kalenderdesign f\u00fcr den 10. Bezirk Wiens"}]},{"@type":"WebSite","@id":"https:\/\/vianina.com\/blog\/#website","url":"https:\/\/vianina.com\/blog\/","name":"Vianina Blog","description":"Maps to the heart","publisher":{"@id":"https:\/\/vianina.com\/blog\/#organization"},"alternateName":"Maps to the heart","potentialAction":[{"@type":"SearchAction","target":{"@type":"EntryPoint","urlTemplate":"https:\/\/vianina.com\/blog\/?s={search_term_string}"},"query-input":{"@type":"PropertyValueSpecification","valueRequired":true,"valueName":"search_term_string"}}],"inLanguage":"de"},{"@type":"Organization","@id":"https:\/\/vianina.com\/blog\/#organization","name":"Vianina Blog","alternateName":"Maps to the heart","url":"https:\/\/vianina.com\/blog\/","logo":{"@type":"ImageObject","inLanguage":"de","@id":"https:\/\/vianina.com\/blog\/#\/schema\/logo\/image\/","url":"https:\/\/vianina.com\/blog\/wp-content\/uploads\/vianina-logo.svg","contentUrl":"https:\/\/vianina.com\/blog\/wp-content\/uploads\/vianina-logo.svg","width":"1024","height":"1024","caption":"Vianina Blog"},"image":{"@id":"https:\/\/vianina.com\/blog\/#\/schema\/logo\/image\/"},"sameAs":["https:\/\/www.facebook.com\/vianinacitymaps\/","https:\/\/www.instagram.com\/vianinacitymaps\/"]},{"@type":"Person","@id":"https:\/\/vianina.com\/blog\/#\/schema\/person\/7366472c14acd3ca80c820ff42b92c8d","name":"Nina Wilsmann","image":{"@type":"ImageObject","inLanguage":"de","@id":"https:\/\/vianina.com\/blog\/#\/schema\/person\/image\/","url":"https:\/\/secure.gravatar.com\/avatar\/652e1c0af8c917552325f80b970bb9ade407b38fa99aff015b98bda58d1fa710?s=96&d=mm&r=g","contentUrl":"https:\/\/secure.gravatar.com\/avatar\/652e1c0af8c917552325f80b970bb9ade407b38fa99aff015b98bda58d1fa710?s=96&d=mm&r=g","caption":"Nina Wilsmann"},"sameAs":["http:\/\/vianina.com"],"url":"https:\/\/vianina.com\/blog\/author\/hellovianina-com\/"}]}},"_links":{"self":[{"href":"https:\/\/vianina.com\/blog\/wp-json\/wp\/v2\/posts\/101","targetHints":{"allow":["GET"]}}],"collection":[{"href":"https:\/\/vianina.com\/blog\/wp-json\/wp\/v2\/posts"}],"about":[{"href":"https:\/\/vianina.com\/blog\/wp-json\/wp\/v2\/types\/post"}],"author":[{"embeddable":true,"href":"https:\/\/vianina.com\/blog\/wp-json\/wp\/v2\/users\/2"}],"replies":[{"embeddable":true,"href":"https:\/\/vianina.com\/blog\/wp-json\/wp\/v2\/comments?post=101"}],"version-history":[{"count":2,"href":"https:\/\/vianina.com\/blog\/wp-json\/wp\/v2\/posts\/101\/revisions"}],"predecessor-version":[{"id":1086,"href":"https:\/\/vianina.com\/blog\/wp-json\/wp\/v2\/posts\/101\/revisions\/1086"}],"wp:featuredmedia":[{"embeddable":true,"href":"https:\/\/vianina.com\/blog\/wp-json\/wp\/v2\/media\/349"}],"wp:attachment":[{"href":"https:\/\/vianina.com\/blog\/wp-json\/wp\/v2\/media?parent=101"}],"wp:term":[{"taxonomy":"category","embeddable":true,"href":"https:\/\/vianina.com\/blog\/wp-json\/wp\/v2\/categories?post=101"},{"taxonomy":"post_tag","embeddable":true,"href":"https:\/\/vianina.com\/blog\/wp-json\/wp\/v2\/tags?post=101"}],"curies":[{"name":"wp","href":"https:\/\/api.w.org\/{rel}","templated":true}]}}