{"id":103,"date":"2023-01-15T09:30:00","date_gmt":"2023-01-15T08:30:00","guid":{"rendered":"https:\/\/wp.vianina.com\/2023\/01\/15\/rueckkehr-der-weihnachtmaerkte-in-wien\/"},"modified":"2024-09-24T17:39:08","modified_gmt":"2024-09-24T15:39:08","slug":"rueckkehr-der-weihnachtmaerkte-in-wien","status":"publish","type":"post","link":"https:\/\/vianina.com\/blog\/rueckkehr-der-weihnachtmaerkte-in-wien\/","title":{"rendered":"R\u00fcckkehr der Weihnachtm\u00e4rkte in Wien"},"content":{"rendered":"\n<p class=\"has-large-font-size\">Dieses Jahr hab ich wieder zwei Weihnachtsm\u00e4rkte gemacht und konnte zum ersten Mal meine Vianina Produkte am ber\u00fchmten Christkindlmarkt am Rathausplatz der ganzen Welt pr\u00e4sentieren! Au\u00dferdem hatte ich wieder einen Stand am Weihnachtsmarkt in Schloss Sch\u00f6nbrunn. Es war wahnsinnig anstrengend, sehr aufregend, aber es hat sehr viel Spa\u00df gemacht.\u00a0<\/p>\n\n\n\n<p>Zu Weihnachten scheint die ganze Welt nach Wien zu reisen, um Weihnachtsm\u00e4rkte zu besuchen. Viele Menschen sind ganz verr\u00fcckt danach, weil es solche M\u00e4rkte wohl haupts\u00e4chlich im deutschsprachigen Raum gibt. Manche besuchen daf\u00fcr N\u00fcrnberg, M\u00fcnchen, Passau, Salzburg und andere St\u00e4dte und machen richtige Weihnachtsmarkt-Touren. Das bedeutet, dass meine Mitarbeiterinnen und ich fast den ganzen Tag englisch sprechen und Geschichten aus aller Welt erfahren, was ich pers\u00f6nlich sehr sch\u00f6n finde. Wir lernen Menschen von \u00fcberall her kennen, auch aus Kulturen, die gar nicht Weihnachten feiern. Die meisten sind gut gelaunt und meine Produkte ziehen sowieso haupts\u00e4chlich freundliche Leute an \ud83d\ude42&nbsp;<\/p>\n\n\n\n<figure class=\"wp-block-image size-large\"><img loading=\"lazy\" decoding=\"async\" width=\"1024\" height=\"650\" src=\"https:\/\/vianina.com\/blog\/wp-content\/uploads\/Vianina-Weihnachtsmaerkte-Wien-2022-5-1024x650.jpg\" alt=\"\" class=\"wp-image-479\" srcset=\"https:\/\/vianina.com\/blog\/wp-content\/uploads\/Vianina-Weihnachtsmaerkte-Wien-2022-5-1024x650.jpg 1024w, https:\/\/vianina.com\/blog\/wp-content\/uploads\/Vianina-Weihnachtsmaerkte-Wien-2022-5-300x190.jpg 300w, https:\/\/vianina.com\/blog\/wp-content\/uploads\/Vianina-Weihnachtsmaerkte-Wien-2022-5-768x488.jpg 768w, https:\/\/vianina.com\/blog\/wp-content\/uploads\/Vianina-Weihnachtsmaerkte-Wien-2022-5.jpg 1260w\" sizes=\"auto, (max-width: 1024px) 100vw, 1024px\" \/><\/figure>\n\n\n\n<figure class=\"wp-block-image size-large\"><img loading=\"lazy\" decoding=\"async\" width=\"1024\" height=\"650\" src=\"https:\/\/vianina.com\/blog\/wp-content\/uploads\/Vianina-Weihnachtsmaerkte-Wien-2022-6-1024x650.jpg\" alt=\"\" class=\"wp-image-480\" srcset=\"https:\/\/vianina.com\/blog\/wp-content\/uploads\/Vianina-Weihnachtsmaerkte-Wien-2022-6-1024x650.jpg 1024w, https:\/\/vianina.com\/blog\/wp-content\/uploads\/Vianina-Weihnachtsmaerkte-Wien-2022-6-300x190.jpg 300w, https:\/\/vianina.com\/blog\/wp-content\/uploads\/Vianina-Weihnachtsmaerkte-Wien-2022-6-768x488.jpg 768w, https:\/\/vianina.com\/blog\/wp-content\/uploads\/Vianina-Weihnachtsmaerkte-Wien-2022-6.jpg 1260w\" sizes=\"auto, (max-width: 1024px) 100vw, 1024px\" \/><\/figure>\n\n\n\n<p class=\"has-large-font-size\">\u00a0Meine Mitarbeiterinnen und ich sehen uns auch ein bi\u00dfchen als Wien-Botschafterinnen: Wien ist ja ber\u00fchmt f\u00fcrs Granteln. Wir hingegen wollen das freundliche Gesicht dieser sch\u00f6nen Stadt zu zeigen.\u00a0<\/p>\n\n\n\n<p>Was aber nicht hei\u00dft, dass das Raunzen nicht auch seine Berechtigung hat, schlie\u00dflich ist es ein Teil der Kultur, aber halt nicht der Vianina-Kultur \ud83d\ude09&nbsp;Die Leute sind aber abgesehen davon sowieso immer total begeistert von Wien. Auch bei rauen Minus-Graden. Da wei\u00df man dann auch selbst wieder mehr zu sch\u00e4tzen, dass man in einer der lebenswertesten St\u00e4dte der Welt leben darf.<\/p>\n\n\n\n<figure class=\"wp-block-image size-large\"><img loading=\"lazy\" decoding=\"async\" width=\"1024\" height=\"650\" src=\"https:\/\/vianina.com\/blog\/wp-content\/uploads\/Vianina-Weihnachtsmaerkte-Wien-2022-3-1024x650.jpg\" alt=\"\" class=\"wp-image-477\" srcset=\"https:\/\/vianina.com\/blog\/wp-content\/uploads\/Vianina-Weihnachtsmaerkte-Wien-2022-3-1024x650.jpg 1024w, https:\/\/vianina.com\/blog\/wp-content\/uploads\/Vianina-Weihnachtsmaerkte-Wien-2022-3-300x190.jpg 300w, https:\/\/vianina.com\/blog\/wp-content\/uploads\/Vianina-Weihnachtsmaerkte-Wien-2022-3-768x488.jpg 768w, https:\/\/vianina.com\/blog\/wp-content\/uploads\/Vianina-Weihnachtsmaerkte-Wien-2022-3.jpg 1260w\" sizes=\"auto, (max-width: 1024px) 100vw, 1024px\" \/><\/figure>\n\n\n\n<figure class=\"wp-block-image size-large\"><img loading=\"lazy\" decoding=\"async\" width=\"1024\" height=\"650\" src=\"https:\/\/vianina.com\/blog\/wp-content\/uploads\/Vianina-Weihnachtsmaerkte-Wien-2022-4-1024x650.jpg\" alt=\"\" class=\"wp-image-478\" srcset=\"https:\/\/vianina.com\/blog\/wp-content\/uploads\/Vianina-Weihnachtsmaerkte-Wien-2022-4-1024x650.jpg 1024w, https:\/\/vianina.com\/blog\/wp-content\/uploads\/Vianina-Weihnachtsmaerkte-Wien-2022-4-300x190.jpg 300w, https:\/\/vianina.com\/blog\/wp-content\/uploads\/Vianina-Weihnachtsmaerkte-Wien-2022-4-768x488.jpg 768w, https:\/\/vianina.com\/blog\/wp-content\/uploads\/Vianina-Weihnachtsmaerkte-Wien-2022-4.jpg 1260w\" sizes=\"auto, (max-width: 1024px) 100vw, 1024px\" \/><\/figure>\n\n\n\n<p>Die beiden M\u00e4rkte haben am 19. November gestartet und gingen bis 26. Dezember bzw. bis 4. Januar in Schloss Sch\u00f6nbrunn. \u00dcber 5 Wochen Markt ist eine Zeit in der ich nicht zu viel anderen Dinge komme, wahnsinnig viel mit Menschen aus aller Welt rede, meine Freizeit ganz hinten anstelle und auch zu wenig Schlaf abkriege.<\/p>\n\n\n\n<p>Mittlweile ist wieder mein normaler Alltag zur\u00fcck gekehrt: arbeiten im Homeoffice in der Vorstadt von Wien, neue Karten zeichnen, Produkte entwickeln, all die anderen Dinge erledigen, die sich anh\u00e4ufen, wenn man eine eigenes Busines hat und wieder mehr Zeit mit meiner Familie verbringen. Diese Abwechslung aus Superstress w\u00e4hrend der Marktzeit und wieder mehr Ruhe danach ist f\u00fcr mich eigentlich genau richtig \ud83d\ude42<\/p>\n","protected":false},"excerpt":{"rendered":"<p>Dieses Jahr hab ich wieder zwei Weihnachtsm\u00e4rkte gemacht, diesmal konnte ich meine Vianina Produkte am ber\u00fchmten Christkindlmarkt am Rathausplatz der ganzen Welt pr\u00e4sentieren! Es war wahnsinnig anstrengend, sehr aufregend, aber es hat sehr viel Spa\u00df gemacht.<\/p>\n","protected":false},"author":2,"featured_media":476,"comment_status":"closed","ping_status":"open","sticky":false,"template":"","format":"standard","meta":{"inline_featured_image":false,"footnotes":""},"categories":[1],"tags":[],"class_list":["post-103","post","type-post","status-publish","format-standard","has-post-thumbnail","hentry","category-allgemein"],"yoast_head":"<!-- This site is optimized with the Yoast SEO plugin v24.5 - https:\/\/yoast.com\/wordpress\/plugins\/seo\/ -->\n<title>R\u00fcckkehr der Weihnachtm\u00e4rkte in Wien - Vianina Blog<\/title>\n<meta name=\"robots\" content=\"index, follow, max-snippet:-1, max-image-preview:large, max-video-preview:-1\" \/>\n<link rel=\"canonical\" href=\"https:\/\/vianina.com\/blog\/rueckkehr-der-weihnachtmaerkte-in-wien\/\" \/>\n<meta property=\"og:locale\" content=\"de_DE\" \/>\n<meta property=\"og:type\" content=\"article\" \/>\n<meta property=\"og:title\" content=\"R\u00fcckkehr der Weihnachtm\u00e4rkte in Wien - Vianina Blog\" \/>\n<meta property=\"og:description\" content=\"Dieses Jahr hab ich wieder zwei Weihnachtsm\u00e4rkte gemacht, diesmal konnte ich meine Vianina Produkte am ber\u00fchmten Christkindlmarkt am Rathausplatz der ganzen Welt pr\u00e4sentieren! Es war wahnsinnig anstrengend, sehr aufregend, aber es hat sehr viel Spa\u00df gemacht.\" \/>\n<meta property=\"og:url\" content=\"https:\/\/vianina.com\/blog\/rueckkehr-der-weihnachtmaerkte-in-wien\/\" \/>\n<meta property=\"og:site_name\" content=\"Vianina Blog\" \/>\n<meta property=\"article:publisher\" content=\"https:\/\/www.facebook.com\/vianinacitymaps\/\" \/>\n<meta property=\"article:published_time\" content=\"2023-01-15T08:30:00+00:00\" \/>\n<meta property=\"article:modified_time\" content=\"2024-09-24T15:39:08+00:00\" \/>\n<meta property=\"og:image\" content=\"https:\/\/vianina.com\/blog\/wp-content\/uploads\/Vianina-Weihnachtsmaerkte-Wien-2022-2.jpg\" \/>\n\t<meta property=\"og:image:width\" content=\"1260\" \/>\n\t<meta property=\"og:image:height\" content=\"800\" \/>\n\t<meta property=\"og:image:type\" content=\"image\/jpeg\" \/>\n<meta name=\"author\" content=\"Nina Wilsmann\" \/>\n<meta name=\"twitter:card\" content=\"summary_large_image\" \/>\n<meta name=\"twitter:label1\" content=\"Verfasst von\" \/>\n\t<meta name=\"twitter:data1\" content=\"Nina Wilsmann\" \/>\n\t<meta name=\"twitter:label2\" content=\"Gesch\u00e4tzte Lesezeit\" \/>\n\t<meta name=\"twitter:data2\" content=\"3\u00a0Minuten\" \/>\n<script type=\"application\/ld+json\" class=\"yoast-schema-graph\">{\"@context\":\"https:\/\/schema.org\",\"@graph\":[{\"@type\":\"Article\",\"@id\":\"https:\/\/vianina.com\/blog\/rueckkehr-der-weihnachtmaerkte-in-wien\/#article\",\"isPartOf\":{\"@id\":\"https:\/\/vianina.com\/blog\/rueckkehr-der-weihnachtmaerkte-in-wien\/\"},\"author\":{\"name\":\"Nina Wilsmann\",\"@id\":\"https:\/\/vianina.com\/blog\/#\/schema\/person\/7366472c14acd3ca80c820ff42b92c8d\"},\"headline\":\"R\u00fcckkehr der Weihnachtm\u00e4rkte in Wien\",\"datePublished\":\"2023-01-15T08:30:00+00:00\",\"dateModified\":\"2024-09-24T15:39:08+00:00\",\"mainEntityOfPage\":{\"@id\":\"https:\/\/vianina.com\/blog\/rueckkehr-der-weihnachtmaerkte-in-wien\/\"},\"wordCount\":387,\"publisher\":{\"@id\":\"https:\/\/vianina.com\/blog\/#organization\"},\"image\":{\"@id\":\"https:\/\/vianina.com\/blog\/rueckkehr-der-weihnachtmaerkte-in-wien\/#primaryimage\"},\"thumbnailUrl\":\"https:\/\/vianina.com\/blog\/wp-content\/uploads\/Vianina-Weihnachtsmaerkte-Wien-2022-2.jpg\",\"inLanguage\":\"de\"},{\"@type\":\"WebPage\",\"@id\":\"https:\/\/vianina.com\/blog\/rueckkehr-der-weihnachtmaerkte-in-wien\/\",\"url\":\"https:\/\/vianina.com\/blog\/rueckkehr-der-weihnachtmaerkte-in-wien\/\",\"name\":\"R\u00fcckkehr der Weihnachtm\u00e4rkte in Wien - Vianina Blog\",\"isPartOf\":{\"@id\":\"https:\/\/vianina.com\/blog\/#website\"},\"primaryImageOfPage\":{\"@id\":\"https:\/\/vianina.com\/blog\/rueckkehr-der-weihnachtmaerkte-in-wien\/#primaryimage\"},\"image\":{\"@id\":\"https:\/\/vianina.com\/blog\/rueckkehr-der-weihnachtmaerkte-in-wien\/#primaryimage\"},\"thumbnailUrl\":\"https:\/\/vianina.com\/blog\/wp-content\/uploads\/Vianina-Weihnachtsmaerkte-Wien-2022-2.jpg\",\"datePublished\":\"2023-01-15T08:30:00+00:00\",\"dateModified\":\"2024-09-24T15:39:08+00:00\",\"breadcrumb\":{\"@id\":\"https:\/\/vianina.com\/blog\/rueckkehr-der-weihnachtmaerkte-in-wien\/#breadcrumb\"},\"inLanguage\":\"de\",\"potentialAction\":[{\"@type\":\"ReadAction\",\"target\":[\"https:\/\/vianina.com\/blog\/rueckkehr-der-weihnachtmaerkte-in-wien\/\"]}]},{\"@type\":\"ImageObject\",\"inLanguage\":\"de\",\"@id\":\"https:\/\/vianina.com\/blog\/rueckkehr-der-weihnachtmaerkte-in-wien\/#primaryimage\",\"url\":\"https:\/\/vianina.com\/blog\/wp-content\/uploads\/Vianina-Weihnachtsmaerkte-Wien-2022-2.jpg\",\"contentUrl\":\"https:\/\/vianina.com\/blog\/wp-content\/uploads\/Vianina-Weihnachtsmaerkte-Wien-2022-2.jpg\",\"width\":1260,\"height\":800},{\"@type\":\"BreadcrumbList\",\"@id\":\"https:\/\/vianina.com\/blog\/rueckkehr-der-weihnachtmaerkte-in-wien\/#breadcrumb\",\"itemListElement\":[{\"@type\":\"ListItem\",\"position\":1,\"name\":\"Startseite\",\"item\":\"https:\/\/vianina.com\/blog\/\"},{\"@type\":\"ListItem\",\"position\":2,\"name\":\"R\u00fcckkehr der Weihnachtm\u00e4rkte in Wien\"}]},{\"@type\":\"WebSite\",\"@id\":\"https:\/\/vianina.com\/blog\/#website\",\"url\":\"https:\/\/vianina.com\/blog\/\",\"name\":\"Vianina Blog\",\"description\":\"Maps to the heart\",\"publisher\":{\"@id\":\"https:\/\/vianina.com\/blog\/#organization\"},\"alternateName\":\"Maps to the heart\",\"potentialAction\":[{\"@type\":\"SearchAction\",\"target\":{\"@type\":\"EntryPoint\",\"urlTemplate\":\"https:\/\/vianina.com\/blog\/?s={search_term_string}\"},\"query-input\":{\"@type\":\"PropertyValueSpecification\",\"valueRequired\":true,\"valueName\":\"search_term_string\"}}],\"inLanguage\":\"de\"},{\"@type\":\"Organization\",\"@id\":\"https:\/\/vianina.com\/blog\/#organization\",\"name\":\"Vianina Blog\",\"alternateName\":\"Maps to the heart\",\"url\":\"https:\/\/vianina.com\/blog\/\",\"logo\":{\"@type\":\"ImageObject\",\"inLanguage\":\"de\",\"@id\":\"https:\/\/vianina.com\/blog\/#\/schema\/logo\/image\/\",\"url\":\"https:\/\/vianina.com\/blog\/wp-content\/uploads\/vianina-logo.svg\",\"contentUrl\":\"https:\/\/vianina.com\/blog\/wp-content\/uploads\/vianina-logo.svg\",\"width\":\"1024\",\"height\":\"1024\",\"caption\":\"Vianina Blog\"},\"image\":{\"@id\":\"https:\/\/vianina.com\/blog\/#\/schema\/logo\/image\/\"},\"sameAs\":[\"https:\/\/www.facebook.com\/vianinacitymaps\/\",\"https:\/\/www.instagram.com\/vianinacitymaps\/\"]},{\"@type\":\"Person\",\"@id\":\"https:\/\/vianina.com\/blog\/#\/schema\/person\/7366472c14acd3ca80c820ff42b92c8d\",\"name\":\"Nina Wilsmann\",\"image\":{\"@type\":\"ImageObject\",\"inLanguage\":\"de\",\"@id\":\"https:\/\/vianina.com\/blog\/#\/schema\/person\/image\/\",\"url\":\"https:\/\/secure.gravatar.com\/avatar\/652e1c0af8c917552325f80b970bb9ade407b38fa99aff015b98bda58d1fa710?s=96&d=mm&r=g\",\"contentUrl\":\"https:\/\/secure.gravatar.com\/avatar\/652e1c0af8c917552325f80b970bb9ade407b38fa99aff015b98bda58d1fa710?s=96&d=mm&r=g\",\"caption\":\"Nina Wilsmann\"},\"sameAs\":[\"http:\/\/vianina.com\"],\"url\":\"https:\/\/vianina.com\/blog\/author\/hellovianina-com\/\"}]}<\/script>\n<!-- \/ Yoast SEO plugin. -->","yoast_head_json":{"title":"R\u00fcckkehr der Weihnachtm\u00e4rkte in Wien - Vianina Blog","robots":{"index":"index","follow":"follow","max-snippet":"max-snippet:-1","max-image-preview":"max-image-preview:large","max-video-preview":"max-video-preview:-1"},"canonical":"https:\/\/vianina.com\/blog\/rueckkehr-der-weihnachtmaerkte-in-wien\/","og_locale":"de_DE","og_type":"article","og_title":"R\u00fcckkehr der Weihnachtm\u00e4rkte in Wien - Vianina Blog","og_description":"Dieses Jahr hab ich wieder zwei Weihnachtsm\u00e4rkte gemacht, diesmal konnte ich meine Vianina Produkte am ber\u00fchmten Christkindlmarkt am Rathausplatz der ganzen Welt pr\u00e4sentieren! Es war wahnsinnig anstrengend, sehr aufregend, aber es hat sehr viel Spa\u00df gemacht.","og_url":"https:\/\/vianina.com\/blog\/rueckkehr-der-weihnachtmaerkte-in-wien\/","og_site_name":"Vianina Blog","article_publisher":"https:\/\/www.facebook.com\/vianinacitymaps\/","article_published_time":"2023-01-15T08:30:00+00:00","article_modified_time":"2024-09-24T15:39:08+00:00","og_image":[{"width":1260,"height":800,"url":"https:\/\/vianina.com\/blog\/wp-content\/uploads\/Vianina-Weihnachtsmaerkte-Wien-2022-2.jpg","type":"image\/jpeg"}],"author":"Nina Wilsmann","twitter_card":"summary_large_image","twitter_misc":{"Verfasst von":"Nina Wilsmann","Gesch\u00e4tzte Lesezeit":"3\u00a0Minuten"},"schema":{"@context":"https:\/\/schema.org","@graph":[{"@type":"Article","@id":"https:\/\/vianina.com\/blog\/rueckkehr-der-weihnachtmaerkte-in-wien\/#article","isPartOf":{"@id":"https:\/\/vianina.com\/blog\/rueckkehr-der-weihnachtmaerkte-in-wien\/"},"author":{"name":"Nina Wilsmann","@id":"https:\/\/vianina.com\/blog\/#\/schema\/person\/7366472c14acd3ca80c820ff42b92c8d"},"headline":"R\u00fcckkehr der Weihnachtm\u00e4rkte in Wien","datePublished":"2023-01-15T08:30:00+00:00","dateModified":"2024-09-24T15:39:08+00:00","mainEntityOfPage":{"@id":"https:\/\/vianina.com\/blog\/rueckkehr-der-weihnachtmaerkte-in-wien\/"},"wordCount":387,"publisher":{"@id":"https:\/\/vianina.com\/blog\/#organization"},"image":{"@id":"https:\/\/vianina.com\/blog\/rueckkehr-der-weihnachtmaerkte-in-wien\/#primaryimage"},"thumbnailUrl":"https:\/\/vianina.com\/blog\/wp-content\/uploads\/Vianina-Weihnachtsmaerkte-Wien-2022-2.jpg","inLanguage":"de"},{"@type":"WebPage","@id":"https:\/\/vianina.com\/blog\/rueckkehr-der-weihnachtmaerkte-in-wien\/","url":"https:\/\/vianina.com\/blog\/rueckkehr-der-weihnachtmaerkte-in-wien\/","name":"R\u00fcckkehr der Weihnachtm\u00e4rkte in Wien - Vianina Blog","isPartOf":{"@id":"https:\/\/vianina.com\/blog\/#website"},"primaryImageOfPage":{"@id":"https:\/\/vianina.com\/blog\/rueckkehr-der-weihnachtmaerkte-in-wien\/#primaryimage"},"image":{"@id":"https:\/\/vianina.com\/blog\/rueckkehr-der-weihnachtmaerkte-in-wien\/#primaryimage"},"thumbnailUrl":"https:\/\/vianina.com\/blog\/wp-content\/uploads\/Vianina-Weihnachtsmaerkte-Wien-2022-2.jpg","datePublished":"2023-01-15T08:30:00+00:00","dateModified":"2024-09-24T15:39:08+00:00","breadcrumb":{"@id":"https:\/\/vianina.com\/blog\/rueckkehr-der-weihnachtmaerkte-in-wien\/#breadcrumb"},"inLanguage":"de","potentialAction":[{"@type":"ReadAction","target":["https:\/\/vianina.com\/blog\/rueckkehr-der-weihnachtmaerkte-in-wien\/"]}]},{"@type":"ImageObject","inLanguage":"de","@id":"https:\/\/vianina.com\/blog\/rueckkehr-der-weihnachtmaerkte-in-wien\/#primaryimage","url":"https:\/\/vianina.com\/blog\/wp-content\/uploads\/Vianina-Weihnachtsmaerkte-Wien-2022-2.jpg","contentUrl":"https:\/\/vianina.com\/blog\/wp-content\/uploads\/Vianina-Weihnachtsmaerkte-Wien-2022-2.jpg","width":1260,"height":800},{"@type":"BreadcrumbList","@id":"https:\/\/vianina.com\/blog\/rueckkehr-der-weihnachtmaerkte-in-wien\/#breadcrumb","itemListElement":[{"@type":"ListItem","position":1,"name":"Startseite","item":"https:\/\/vianina.com\/blog\/"},{"@type":"ListItem","position":2,"name":"R\u00fcckkehr der Weihnachtm\u00e4rkte in Wien"}]},{"@type":"WebSite","@id":"https:\/\/vianina.com\/blog\/#website","url":"https:\/\/vianina.com\/blog\/","name":"Vianina Blog","description":"Maps to the heart","publisher":{"@id":"https:\/\/vianina.com\/blog\/#organization"},"alternateName":"Maps to the heart","potentialAction":[{"@type":"SearchAction","target":{"@type":"EntryPoint","urlTemplate":"https:\/\/vianina.com\/blog\/?s={search_term_string}"},"query-input":{"@type":"PropertyValueSpecification","valueRequired":true,"valueName":"search_term_string"}}],"inLanguage":"de"},{"@type":"Organization","@id":"https:\/\/vianina.com\/blog\/#organization","name":"Vianina Blog","alternateName":"Maps to the heart","url":"https:\/\/vianina.com\/blog\/","logo":{"@type":"ImageObject","inLanguage":"de","@id":"https:\/\/vianina.com\/blog\/#\/schema\/logo\/image\/","url":"https:\/\/vianina.com\/blog\/wp-content\/uploads\/vianina-logo.svg","contentUrl":"https:\/\/vianina.com\/blog\/wp-content\/uploads\/vianina-logo.svg","width":"1024","height":"1024","caption":"Vianina Blog"},"image":{"@id":"https:\/\/vianina.com\/blog\/#\/schema\/logo\/image\/"},"sameAs":["https:\/\/www.facebook.com\/vianinacitymaps\/","https:\/\/www.instagram.com\/vianinacitymaps\/"]},{"@type":"Person","@id":"https:\/\/vianina.com\/blog\/#\/schema\/person\/7366472c14acd3ca80c820ff42b92c8d","name":"Nina Wilsmann","image":{"@type":"ImageObject","inLanguage":"de","@id":"https:\/\/vianina.com\/blog\/#\/schema\/person\/image\/","url":"https:\/\/secure.gravatar.com\/avatar\/652e1c0af8c917552325f80b970bb9ade407b38fa99aff015b98bda58d1fa710?s=96&d=mm&r=g","contentUrl":"https:\/\/secure.gravatar.com\/avatar\/652e1c0af8c917552325f80b970bb9ade407b38fa99aff015b98bda58d1fa710?s=96&d=mm&r=g","caption":"Nina Wilsmann"},"sameAs":["http:\/\/vianina.com"],"url":"https:\/\/vianina.com\/blog\/author\/hellovianina-com\/"}]}},"_links":{"self":[{"href":"https:\/\/vianina.com\/blog\/wp-json\/wp\/v2\/posts\/103","targetHints":{"allow":["GET"]}}],"collection":[{"href":"https:\/\/vianina.com\/blog\/wp-json\/wp\/v2\/posts"}],"about":[{"href":"https:\/\/vianina.com\/blog\/wp-json\/wp\/v2\/types\/post"}],"author":[{"embeddable":true,"href":"https:\/\/vianina.com\/blog\/wp-json\/wp\/v2\/users\/2"}],"replies":[{"embeddable":true,"href":"https:\/\/vianina.com\/blog\/wp-json\/wp\/v2\/comments?post=103"}],"version-history":[{"count":4,"href":"https:\/\/vianina.com\/blog\/wp-json\/wp\/v2\/posts\/103\/revisions"}],"predecessor-version":[{"id":1312,"href":"https:\/\/vianina.com\/blog\/wp-json\/wp\/v2\/posts\/103\/revisions\/1312"}],"wp:featuredmedia":[{"embeddable":true,"href":"https:\/\/vianina.com\/blog\/wp-json\/wp\/v2\/media\/476"}],"wp:attachment":[{"href":"https:\/\/vianina.com\/blog\/wp-json\/wp\/v2\/media?parent=103"}],"wp:term":[{"taxonomy":"category","embeddable":true,"href":"https:\/\/vianina.com\/blog\/wp-json\/wp\/v2\/categories?post=103"},{"taxonomy":"post_tag","embeddable":true,"href":"https:\/\/vianina.com\/blog\/wp-json\/wp\/v2\/tags?post=103"}],"curies":[{"name":"wp","href":"https:\/\/api.w.org\/{rel}","templated":true}]}}