{"id":42,"date":"2015-03-13T00:30:00","date_gmt":"2015-03-12T23:30:00","guid":{"rendered":"https:\/\/wp.vianina.com\/2015\/03\/13\/der-neue-tag-weiden-zur-vianina-austellung-im-luftmuseum-amberg\/"},"modified":"2024-09-23T16:32:25","modified_gmt":"2024-09-23T14:32:25","slug":"der-neue-tag-weiden-zur-vianina-austellung-im-luftmuseum-amberg","status":"publish","type":"post","link":"https:\/\/vianina.com\/blog\/der-neue-tag-weiden-zur-vianina-austellung-im-luftmuseum-amberg\/","title":{"rendered":"Der Neue Tag Weiden zur Vianina-Austellung im Luftmuseum Amberg"},"content":{"rendered":"\n<p><big>Sp\u00fcrbare Poesie der Stadt<\/big><\/p>\n\n\n\n<p><em>Vielleicht kommt ihre Vorliebe f\u00fcr Stadtpl\u00e4ne ja daher, dass Nina Wilsmann es oft nicht lange ausgehalten hat an einem Ort. Und deshalb h\u00e4ufig den Wohnort gewechselt hat.<\/em><\/p>\n\n\n\n<p>Geboren wurde Nina Simone Wilsmann 1978 in Wasserburg am Inn. Dort, in dem malerischen Zw\u00f6lftausendeinwohnerst\u00e4dtchen, das auf einer Halbinsel in einer Flussschleife liegt, hielt sie es am l\u00e4ngsten aus: bis zum Abitur n\u00e4mlich. Dann aber wurde ihr Leben rastlos. Sie zog zun\u00e4chst nach M\u00fcnchen, um dort Kunstgeschichte zu studieren. Das wurde ihr aber bald zu bunt respektive zu grau, denn eigentlich hatte sie sich mit Bildern nicht nur theoretisch befassen wollen. Sie wollte selbst kreativ sein!<\/p>\n\n\n\n<p>Deshalb sattelte sie um auf Kommunikationsdesign und w\u00e4hlte Augsburg als Ausgangspunkt f\u00fcr ihre Studien und zog dort in der Stadt mindestens sieben Mal um. Und einmal sogar bis nach Katalanien. An jedem ihrer neuen Standorte orientierte sie sich mit den \u00fcblichen Hilfsmitteln, mit Stadtplan oder per Google Maps. Bald aber war ihr die Austauschbarkeit des Designs ein Dorn im Auge. Selbst vitale und interessante St\u00e4dte wie Barcelona erscheinen ungeheuer langweilig und monoton, wenn man sie nur vom Plan her kennt.<\/p>\n\n\n\n<p>Wilhelm Koch wurde auf die Kunst der Designerin im Web aufmerksam: Der Leiter des Luftmuseums ist stets auf der Suche nach K\u00fcnstlern, die etwas mit der Luft, seinem Leib- und Magenthema, am Hut haben. Hier, bei den Stadtpl\u00e4nen von Nina Wilsmann, da ist es nat\u00fcrlich zuallererst die Vogelperspektive, der Blick von Oben, der interessant war f\u00fcr ihn. Im konkreten Fall kommt aber noch das graphische Element hinzu, die Farbigkeit und das Verspielte, das den Ausstellungsbesucher im Luftmuseum sogleich verzaubert: Nina Wilsmann setzt auf bekannte Kompositionsmuster der Pop-Art, verwendet Piktogramme und Symbole, Farben und Formen, mischt Abstraktes mit Konkretem und haucht so ihren St\u00e4dtebildern sofort den Atem der Lebendigkeit ein.<\/p>\n\n\n\n<p><em>Pl\u00f6tzlich beginnt das Paris ihres Stadtplans zu duften, nach Bonbons und nach Lavendel und nach Pfefferminz, auch nach dem Kies im Jardin du Luxembourg und dem Stahl des Eiffelturms.<\/em><\/p>\n\n\n\n<figure class=\"wp-block-image size-large\"><img loading=\"lazy\" decoding=\"async\" width=\"1024\" height=\"1024\" src=\"https:\/\/vianina.com\/blog\/wp-content\/uploads\/Vianina-Poster-Paris-5-1024x1024.jpg\" alt=\"\" class=\"wp-image-1217\" style=\"aspect-ratio:1\" srcset=\"https:\/\/vianina.com\/blog\/wp-content\/uploads\/Vianina-Poster-Paris-5-1024x1024.jpg 1024w, https:\/\/vianina.com\/blog\/wp-content\/uploads\/Vianina-Poster-Paris-5-300x300.jpg 300w, https:\/\/vianina.com\/blog\/wp-content\/uploads\/Vianina-Poster-Paris-5-150x150.jpg 150w, https:\/\/vianina.com\/blog\/wp-content\/uploads\/Vianina-Poster-Paris-5-768x768.jpg 768w, https:\/\/vianina.com\/blog\/wp-content\/uploads\/Vianina-Poster-Paris-5.jpg 1080w\" sizes=\"auto, (max-width: 1024px) 100vw, 1024px\" \/><\/figure>\n\n\n\n<p><em><span style=\"font-size: x-large;\"><\/span><\/em>Beim Plan von Wien, ihrem heutigen Wohnort (aber nur unter der Woche &#8211; denn am Wochenende, lebt sie jetzt in Budapest!), da glaubt der Betrachter, h\u00f6ren zu k\u00f6nnen, wie jeder Wiener den Prater unterm Herzen tr\u00e4gt, mit Seilt\u00e4nzern, K\u00f6nigstigern und Reifenspringern. Und ihr Hamburg, ja, ihr Hamburg l\u00e4dt mit seiner kleinen Armada an Booten auf der Binnenalster zum Segeln ein.<\/p>\n\n\n\n<p><em>Die Stadtpl\u00e4ne von Nina Wilsmann sind Futter f\u00fcrs Auge und Nahrung f\u00fcrs Gehirn, kleine Wunscherzeugungsmaschinen und Hebel, die die Nebel unserer Erinnerung l\u00fcften. Es ist eine fantastische Graphik, die Fantasiemomente freisetzt und die Poesie von St\u00e4dten sp\u00fcrbar macht, die ansetzt an Altbekanntem und jedermann Gel\u00e4ufigem. <\/em><\/p>\n\n\n\n<p>Sie kommt daher wie ein D\u00e9j\u00e0-vu einer Kinderbuchillustration aus den 1960er Jahren und ist dabei doch h\u00f6chst originell und v\u00f6llig eigenst\u00e4ndig.<\/p>\n\n\n\n<p>Wilhelm Koch ist bekannterma\u00dfen selbst ein Kreativkraftwerk, einer, der hinter der Maske seines verschmitzten L\u00e4chelns immer eine neue Idee ausbr\u00fctet. Mit dem argentinischen Architekturzeichner Pablo de la Riestra hat er vor Jahren Gro\u00dfes f\u00fcr Amberg bewirkt. Er hat in Gestalt des Stadtmarketingvereins und der Firma L\u00fcdecke Paten gefunden, die mithalfen, die architektonischen Juwelen Ambergs zu fixieren. So hat er der Stadt dabei geholfen, ihre historische W\u00fcrde und Gravit\u00e4t zu bewahren.<\/p>\n\n\n\n<p><em>Die in Wien und Budapest ans\u00e4ssige Oberbayerin, ausgezeichnet mit h\u00f6chsten Designer-Preisen (Gewinnerin bei &#8222;100 beste Plakate&#8220;; Silberauszeichnung beim Joseph-Binder-Award und Nominierung f\u00fcr den German-Design-Award), f\u00fchrt mit ihrer Ausstellung musterhaft vor, wie Amberg um eine zeitgem\u00e4\u00dfes Portr\u00e4t bereichert werden k\u00f6nnte.<\/em><\/p>\n\n\n\n<figure class=\"wp-block-image size-large\"><img loading=\"lazy\" decoding=\"async\" width=\"684\" height=\"1024\" src=\"https:\/\/vianina.com\/blog\/wp-content\/uploads\/Vianina-NeuerTagWeiden-684x1024.jpg\" alt=\"\" class=\"wp-image-1216\" srcset=\"https:\/\/vianina.com\/blog\/wp-content\/uploads\/Vianina-NeuerTagWeiden-684x1024.jpg 684w, https:\/\/vianina.com\/blog\/wp-content\/uploads\/Vianina-NeuerTagWeiden-200x300.jpg 200w, https:\/\/vianina.com\/blog\/wp-content\/uploads\/Vianina-NeuerTagWeiden-768x1150.jpg 768w, https:\/\/vianina.com\/blog\/wp-content\/uploads\/Vianina-NeuerTagWeiden-1026x1536.jpg 1026w, https:\/\/vianina.com\/blog\/wp-content\/uploads\/Vianina-NeuerTagWeiden.jpg 1260w\" sizes=\"auto, (max-width: 684px) 100vw, 684px\" \/><\/figure>\n","protected":false},"excerpt":{"rendered":"<p>Sp\u00fcrbare Poesie der Stadt: Vielleicht kommt ihre Vorliebe f\u00fcr Stadtpl\u00e4ne ja daher, dass Nina Wilsmann es oft nicht lange ausgehalten hat an einem Ort. Und deshalb h\u00e4ufig den Wohnort gewechselt hat.<\/p>\n","protected":false},"author":2,"featured_media":1221,"comment_status":"closed","ping_status":"open","sticky":false,"template":"","format":"standard","meta":{"inline_featured_image":false,"footnotes":""},"categories":[1],"tags":[],"class_list":["post-42","post","type-post","status-publish","format-standard","has-post-thumbnail","hentry","category-allgemein"],"yoast_head":"<!-- This site is optimized with the Yoast SEO plugin v24.5 - https:\/\/yoast.com\/wordpress\/plugins\/seo\/ -->\n<title>Der Neue Tag Weiden zur Vianina-Austellung im Luftmuseum Amberg - Vianina Blog<\/title>\n<meta name=\"robots\" content=\"index, follow, max-snippet:-1, max-image-preview:large, max-video-preview:-1\" \/>\n<link rel=\"canonical\" href=\"https:\/\/vianina.com\/blog\/der-neue-tag-weiden-zur-vianina-austellung-im-luftmuseum-amberg\/\" \/>\n<meta property=\"og:locale\" content=\"de_DE\" \/>\n<meta property=\"og:type\" content=\"article\" \/>\n<meta property=\"og:title\" content=\"Der Neue Tag Weiden zur Vianina-Austellung im Luftmuseum Amberg - Vianina Blog\" \/>\n<meta property=\"og:description\" content=\"Sp\u00fcrbare Poesie der Stadt: Vielleicht kommt ihre Vorliebe f\u00fcr Stadtpl\u00e4ne ja daher, dass Nina Wilsmann es oft nicht lange ausgehalten hat an einem Ort. Und deshalb h\u00e4ufig den Wohnort gewechselt hat.\" \/>\n<meta property=\"og:url\" content=\"https:\/\/vianina.com\/blog\/der-neue-tag-weiden-zur-vianina-austellung-im-luftmuseum-amberg\/\" \/>\n<meta property=\"og:site_name\" content=\"Vianina Blog\" \/>\n<meta property=\"article:publisher\" content=\"https:\/\/www.facebook.com\/vianinacitymaps\/\" \/>\n<meta property=\"article:published_time\" content=\"2015-03-12T23:30:00+00:00\" \/>\n<meta property=\"article:modified_time\" content=\"2024-09-23T14:32:25+00:00\" \/>\n<meta property=\"og:image\" content=\"https:\/\/vianina.com\/blog\/wp-content\/uploads\/vianina-luftmuseum-amberg.jpg\" \/>\n\t<meta property=\"og:image:width\" content=\"1260\" \/>\n\t<meta property=\"og:image:height\" content=\"800\" \/>\n\t<meta property=\"og:image:type\" content=\"image\/jpeg\" \/>\n<meta name=\"author\" content=\"Nina Wilsmann\" \/>\n<meta name=\"twitter:card\" content=\"summary_large_image\" \/>\n<meta name=\"twitter:label1\" content=\"Verfasst von\" \/>\n\t<meta name=\"twitter:data1\" content=\"Nina Wilsmann\" \/>\n\t<meta name=\"twitter:label2\" content=\"Gesch\u00e4tzte Lesezeit\" \/>\n\t<meta name=\"twitter:data2\" content=\"4\u00a0Minuten\" \/>\n<script type=\"application\/ld+json\" class=\"yoast-schema-graph\">{\"@context\":\"https:\/\/schema.org\",\"@graph\":[{\"@type\":\"Article\",\"@id\":\"https:\/\/vianina.com\/blog\/der-neue-tag-weiden-zur-vianina-austellung-im-luftmuseum-amberg\/#article\",\"isPartOf\":{\"@id\":\"https:\/\/vianina.com\/blog\/der-neue-tag-weiden-zur-vianina-austellung-im-luftmuseum-amberg\/\"},\"author\":{\"name\":\"Nina Wilsmann\",\"@id\":\"https:\/\/vianina.com\/blog\/#\/schema\/person\/7366472c14acd3ca80c820ff42b92c8d\"},\"headline\":\"Der Neue Tag Weiden zur Vianina-Austellung im Luftmuseum Amberg\",\"datePublished\":\"2015-03-12T23:30:00+00:00\",\"dateModified\":\"2024-09-23T14:32:25+00:00\",\"mainEntityOfPage\":{\"@id\":\"https:\/\/vianina.com\/blog\/der-neue-tag-weiden-zur-vianina-austellung-im-luftmuseum-amberg\/\"},\"wordCount\":619,\"publisher\":{\"@id\":\"https:\/\/vianina.com\/blog\/#organization\"},\"image\":{\"@id\":\"https:\/\/vianina.com\/blog\/der-neue-tag-weiden-zur-vianina-austellung-im-luftmuseum-amberg\/#primaryimage\"},\"thumbnailUrl\":\"https:\/\/vianina.com\/blog\/wp-content\/uploads\/vianina-luftmuseum-amberg.jpg\",\"inLanguage\":\"de\"},{\"@type\":\"WebPage\",\"@id\":\"https:\/\/vianina.com\/blog\/der-neue-tag-weiden-zur-vianina-austellung-im-luftmuseum-amberg\/\",\"url\":\"https:\/\/vianina.com\/blog\/der-neue-tag-weiden-zur-vianina-austellung-im-luftmuseum-amberg\/\",\"name\":\"Der Neue Tag Weiden zur Vianina-Austellung im Luftmuseum Amberg - Vianina Blog\",\"isPartOf\":{\"@id\":\"https:\/\/vianina.com\/blog\/#website\"},\"primaryImageOfPage\":{\"@id\":\"https:\/\/vianina.com\/blog\/der-neue-tag-weiden-zur-vianina-austellung-im-luftmuseum-amberg\/#primaryimage\"},\"image\":{\"@id\":\"https:\/\/vianina.com\/blog\/der-neue-tag-weiden-zur-vianina-austellung-im-luftmuseum-amberg\/#primaryimage\"},\"thumbnailUrl\":\"https:\/\/vianina.com\/blog\/wp-content\/uploads\/vianina-luftmuseum-amberg.jpg\",\"datePublished\":\"2015-03-12T23:30:00+00:00\",\"dateModified\":\"2024-09-23T14:32:25+00:00\",\"breadcrumb\":{\"@id\":\"https:\/\/vianina.com\/blog\/der-neue-tag-weiden-zur-vianina-austellung-im-luftmuseum-amberg\/#breadcrumb\"},\"inLanguage\":\"de\",\"potentialAction\":[{\"@type\":\"ReadAction\",\"target\":[\"https:\/\/vianina.com\/blog\/der-neue-tag-weiden-zur-vianina-austellung-im-luftmuseum-amberg\/\"]}]},{\"@type\":\"ImageObject\",\"inLanguage\":\"de\",\"@id\":\"https:\/\/vianina.com\/blog\/der-neue-tag-weiden-zur-vianina-austellung-im-luftmuseum-amberg\/#primaryimage\",\"url\":\"https:\/\/vianina.com\/blog\/wp-content\/uploads\/vianina-luftmuseum-amberg.jpg\",\"contentUrl\":\"https:\/\/vianina.com\/blog\/wp-content\/uploads\/vianina-luftmuseum-amberg.jpg\",\"width\":1260,\"height\":800},{\"@type\":\"BreadcrumbList\",\"@id\":\"https:\/\/vianina.com\/blog\/der-neue-tag-weiden-zur-vianina-austellung-im-luftmuseum-amberg\/#breadcrumb\",\"itemListElement\":[{\"@type\":\"ListItem\",\"position\":1,\"name\":\"Startseite\",\"item\":\"https:\/\/vianina.com\/blog\/\"},{\"@type\":\"ListItem\",\"position\":2,\"name\":\"Der Neue Tag Weiden zur Vianina-Austellung im Luftmuseum Amberg\"}]},{\"@type\":\"WebSite\",\"@id\":\"https:\/\/vianina.com\/blog\/#website\",\"url\":\"https:\/\/vianina.com\/blog\/\",\"name\":\"Vianina Blog\",\"description\":\"Maps to the heart\",\"publisher\":{\"@id\":\"https:\/\/vianina.com\/blog\/#organization\"},\"alternateName\":\"Maps to the heart\",\"potentialAction\":[{\"@type\":\"SearchAction\",\"target\":{\"@type\":\"EntryPoint\",\"urlTemplate\":\"https:\/\/vianina.com\/blog\/?s={search_term_string}\"},\"query-input\":{\"@type\":\"PropertyValueSpecification\",\"valueRequired\":true,\"valueName\":\"search_term_string\"}}],\"inLanguage\":\"de\"},{\"@type\":\"Organization\",\"@id\":\"https:\/\/vianina.com\/blog\/#organization\",\"name\":\"Vianina Blog\",\"alternateName\":\"Maps to the heart\",\"url\":\"https:\/\/vianina.com\/blog\/\",\"logo\":{\"@type\":\"ImageObject\",\"inLanguage\":\"de\",\"@id\":\"https:\/\/vianina.com\/blog\/#\/schema\/logo\/image\/\",\"url\":\"https:\/\/vianina.com\/blog\/wp-content\/uploads\/vianina-logo.svg\",\"contentUrl\":\"https:\/\/vianina.com\/blog\/wp-content\/uploads\/vianina-logo.svg\",\"width\":\"1024\",\"height\":\"1024\",\"caption\":\"Vianina Blog\"},\"image\":{\"@id\":\"https:\/\/vianina.com\/blog\/#\/schema\/logo\/image\/\"},\"sameAs\":[\"https:\/\/www.facebook.com\/vianinacitymaps\/\",\"https:\/\/www.instagram.com\/vianinacitymaps\/\"]},{\"@type\":\"Person\",\"@id\":\"https:\/\/vianina.com\/blog\/#\/schema\/person\/7366472c14acd3ca80c820ff42b92c8d\",\"name\":\"Nina Wilsmann\",\"image\":{\"@type\":\"ImageObject\",\"inLanguage\":\"de\",\"@id\":\"https:\/\/vianina.com\/blog\/#\/schema\/person\/image\/\",\"url\":\"https:\/\/secure.gravatar.com\/avatar\/652e1c0af8c917552325f80b970bb9ade407b38fa99aff015b98bda58d1fa710?s=96&d=mm&r=g\",\"contentUrl\":\"https:\/\/secure.gravatar.com\/avatar\/652e1c0af8c917552325f80b970bb9ade407b38fa99aff015b98bda58d1fa710?s=96&d=mm&r=g\",\"caption\":\"Nina Wilsmann\"},\"sameAs\":[\"http:\/\/vianina.com\"],\"url\":\"https:\/\/vianina.com\/blog\/author\/hellovianina-com\/\"}]}<\/script>\n<!-- \/ Yoast SEO plugin. -->","yoast_head_json":{"title":"Der Neue Tag Weiden zur Vianina-Austellung im Luftmuseum Amberg - Vianina Blog","robots":{"index":"index","follow":"follow","max-snippet":"max-snippet:-1","max-image-preview":"max-image-preview:large","max-video-preview":"max-video-preview:-1"},"canonical":"https:\/\/vianina.com\/blog\/der-neue-tag-weiden-zur-vianina-austellung-im-luftmuseum-amberg\/","og_locale":"de_DE","og_type":"article","og_title":"Der Neue Tag Weiden zur Vianina-Austellung im Luftmuseum Amberg - Vianina Blog","og_description":"Sp\u00fcrbare Poesie der Stadt: Vielleicht kommt ihre Vorliebe f\u00fcr Stadtpl\u00e4ne ja daher, dass Nina Wilsmann es oft nicht lange ausgehalten hat an einem Ort. Und deshalb h\u00e4ufig den Wohnort gewechselt hat.","og_url":"https:\/\/vianina.com\/blog\/der-neue-tag-weiden-zur-vianina-austellung-im-luftmuseum-amberg\/","og_site_name":"Vianina Blog","article_publisher":"https:\/\/www.facebook.com\/vianinacitymaps\/","article_published_time":"2015-03-12T23:30:00+00:00","article_modified_time":"2024-09-23T14:32:25+00:00","og_image":[{"width":1260,"height":800,"url":"https:\/\/vianina.com\/blog\/wp-content\/uploads\/vianina-luftmuseum-amberg.jpg","type":"image\/jpeg"}],"author":"Nina Wilsmann","twitter_card":"summary_large_image","twitter_misc":{"Verfasst von":"Nina Wilsmann","Gesch\u00e4tzte Lesezeit":"4\u00a0Minuten"},"schema":{"@context":"https:\/\/schema.org","@graph":[{"@type":"Article","@id":"https:\/\/vianina.com\/blog\/der-neue-tag-weiden-zur-vianina-austellung-im-luftmuseum-amberg\/#article","isPartOf":{"@id":"https:\/\/vianina.com\/blog\/der-neue-tag-weiden-zur-vianina-austellung-im-luftmuseum-amberg\/"},"author":{"name":"Nina Wilsmann","@id":"https:\/\/vianina.com\/blog\/#\/schema\/person\/7366472c14acd3ca80c820ff42b92c8d"},"headline":"Der Neue Tag Weiden zur Vianina-Austellung im Luftmuseum Amberg","datePublished":"2015-03-12T23:30:00+00:00","dateModified":"2024-09-23T14:32:25+00:00","mainEntityOfPage":{"@id":"https:\/\/vianina.com\/blog\/der-neue-tag-weiden-zur-vianina-austellung-im-luftmuseum-amberg\/"},"wordCount":619,"publisher":{"@id":"https:\/\/vianina.com\/blog\/#organization"},"image":{"@id":"https:\/\/vianina.com\/blog\/der-neue-tag-weiden-zur-vianina-austellung-im-luftmuseum-amberg\/#primaryimage"},"thumbnailUrl":"https:\/\/vianina.com\/blog\/wp-content\/uploads\/vianina-luftmuseum-amberg.jpg","inLanguage":"de"},{"@type":"WebPage","@id":"https:\/\/vianina.com\/blog\/der-neue-tag-weiden-zur-vianina-austellung-im-luftmuseum-amberg\/","url":"https:\/\/vianina.com\/blog\/der-neue-tag-weiden-zur-vianina-austellung-im-luftmuseum-amberg\/","name":"Der Neue Tag Weiden zur Vianina-Austellung im Luftmuseum Amberg - Vianina Blog","isPartOf":{"@id":"https:\/\/vianina.com\/blog\/#website"},"primaryImageOfPage":{"@id":"https:\/\/vianina.com\/blog\/der-neue-tag-weiden-zur-vianina-austellung-im-luftmuseum-amberg\/#primaryimage"},"image":{"@id":"https:\/\/vianina.com\/blog\/der-neue-tag-weiden-zur-vianina-austellung-im-luftmuseum-amberg\/#primaryimage"},"thumbnailUrl":"https:\/\/vianina.com\/blog\/wp-content\/uploads\/vianina-luftmuseum-amberg.jpg","datePublished":"2015-03-12T23:30:00+00:00","dateModified":"2024-09-23T14:32:25+00:00","breadcrumb":{"@id":"https:\/\/vianina.com\/blog\/der-neue-tag-weiden-zur-vianina-austellung-im-luftmuseum-amberg\/#breadcrumb"},"inLanguage":"de","potentialAction":[{"@type":"ReadAction","target":["https:\/\/vianina.com\/blog\/der-neue-tag-weiden-zur-vianina-austellung-im-luftmuseum-amberg\/"]}]},{"@type":"ImageObject","inLanguage":"de","@id":"https:\/\/vianina.com\/blog\/der-neue-tag-weiden-zur-vianina-austellung-im-luftmuseum-amberg\/#primaryimage","url":"https:\/\/vianina.com\/blog\/wp-content\/uploads\/vianina-luftmuseum-amberg.jpg","contentUrl":"https:\/\/vianina.com\/blog\/wp-content\/uploads\/vianina-luftmuseum-amberg.jpg","width":1260,"height":800},{"@type":"BreadcrumbList","@id":"https:\/\/vianina.com\/blog\/der-neue-tag-weiden-zur-vianina-austellung-im-luftmuseum-amberg\/#breadcrumb","itemListElement":[{"@type":"ListItem","position":1,"name":"Startseite","item":"https:\/\/vianina.com\/blog\/"},{"@type":"ListItem","position":2,"name":"Der Neue Tag Weiden zur Vianina-Austellung im Luftmuseum Amberg"}]},{"@type":"WebSite","@id":"https:\/\/vianina.com\/blog\/#website","url":"https:\/\/vianina.com\/blog\/","name":"Vianina Blog","description":"Maps to the heart","publisher":{"@id":"https:\/\/vianina.com\/blog\/#organization"},"alternateName":"Maps to the heart","potentialAction":[{"@type":"SearchAction","target":{"@type":"EntryPoint","urlTemplate":"https:\/\/vianina.com\/blog\/?s={search_term_string}"},"query-input":{"@type":"PropertyValueSpecification","valueRequired":true,"valueName":"search_term_string"}}],"inLanguage":"de"},{"@type":"Organization","@id":"https:\/\/vianina.com\/blog\/#organization","name":"Vianina Blog","alternateName":"Maps to the heart","url":"https:\/\/vianina.com\/blog\/","logo":{"@type":"ImageObject","inLanguage":"de","@id":"https:\/\/vianina.com\/blog\/#\/schema\/logo\/image\/","url":"https:\/\/vianina.com\/blog\/wp-content\/uploads\/vianina-logo.svg","contentUrl":"https:\/\/vianina.com\/blog\/wp-content\/uploads\/vianina-logo.svg","width":"1024","height":"1024","caption":"Vianina Blog"},"image":{"@id":"https:\/\/vianina.com\/blog\/#\/schema\/logo\/image\/"},"sameAs":["https:\/\/www.facebook.com\/vianinacitymaps\/","https:\/\/www.instagram.com\/vianinacitymaps\/"]},{"@type":"Person","@id":"https:\/\/vianina.com\/blog\/#\/schema\/person\/7366472c14acd3ca80c820ff42b92c8d","name":"Nina Wilsmann","image":{"@type":"ImageObject","inLanguage":"de","@id":"https:\/\/vianina.com\/blog\/#\/schema\/person\/image\/","url":"https:\/\/secure.gravatar.com\/avatar\/652e1c0af8c917552325f80b970bb9ade407b38fa99aff015b98bda58d1fa710?s=96&d=mm&r=g","contentUrl":"https:\/\/secure.gravatar.com\/avatar\/652e1c0af8c917552325f80b970bb9ade407b38fa99aff015b98bda58d1fa710?s=96&d=mm&r=g","caption":"Nina Wilsmann"},"sameAs":["http:\/\/vianina.com"],"url":"https:\/\/vianina.com\/blog\/author\/hellovianina-com\/"}]}},"_links":{"self":[{"href":"https:\/\/vianina.com\/blog\/wp-json\/wp\/v2\/posts\/42","targetHints":{"allow":["GET"]}}],"collection":[{"href":"https:\/\/vianina.com\/blog\/wp-json\/wp\/v2\/posts"}],"about":[{"href":"https:\/\/vianina.com\/blog\/wp-json\/wp\/v2\/types\/post"}],"author":[{"embeddable":true,"href":"https:\/\/vianina.com\/blog\/wp-json\/wp\/v2\/users\/2"}],"replies":[{"embeddable":true,"href":"https:\/\/vianina.com\/blog\/wp-json\/wp\/v2\/comments?post=42"}],"version-history":[{"count":5,"href":"https:\/\/vianina.com\/blog\/wp-json\/wp\/v2\/posts\/42\/revisions"}],"predecessor-version":[{"id":1222,"href":"https:\/\/vianina.com\/blog\/wp-json\/wp\/v2\/posts\/42\/revisions\/1222"}],"wp:featuredmedia":[{"embeddable":true,"href":"https:\/\/vianina.com\/blog\/wp-json\/wp\/v2\/media\/1221"}],"wp:attachment":[{"href":"https:\/\/vianina.com\/blog\/wp-json\/wp\/v2\/media?parent=42"}],"wp:term":[{"taxonomy":"category","embeddable":true,"href":"https:\/\/vianina.com\/blog\/wp-json\/wp\/v2\/categories?post=42"},{"taxonomy":"post_tag","embeddable":true,"href":"https:\/\/vianina.com\/blog\/wp-json\/wp\/v2\/tags?post=42"}],"curies":[{"name":"wp","href":"https:\/\/api.w.org\/{rel}","templated":true}]}}