{"id":78,"date":"2020-07-03T10:00:00","date_gmt":"2020-07-03T08:00:00","guid":{"rendered":"https:\/\/wp.vianina.com\/2020\/07\/03\/coronajahr-2020-eine-persoenliche-zwischenbilanz\/"},"modified":"2024-09-22T15:01:04","modified_gmt":"2024-09-22T13:01:04","slug":"coronajahr-2020-eine-persoenliche-zwischenbilanz","status":"publish","type":"post","link":"https:\/\/vianina.com\/blog\/coronajahr-2020-eine-persoenliche-zwischenbilanz\/","title":{"rendered":"Coronajahr 2020 \u2013 eine pers\u00f6nliche Zwischenbilanz"},"content":{"rendered":"\n<p><big>Heute m\u00f6chte ich euch ein bi\u00dfchen was von meinem bisherigen Corona-Jahr 2020 erz\u00e4hlen.<\/big><\/p>\n\n\n\n<p>Ab Januar 2020 hatte ich schon begonnen, mich f\u00fcr die Osterm\u00e4rkte vorzubereiten. Ich plante dieses Jahr wieder einen Stand in Schloss Sch\u00f6nbrunn und neu dazu einen weiteren auf der Freyung, im Herzen Wiens. Als dann die ersten Nachrichten aus Italien kamen, hab ich mir schon gedacht auweia, da werden aber nicht viele Touristen nach Wien kommen. Die sind f\u00fcr mich wichtige Kunden, da meine Produkte ja ausgefallene und beliebte Wien-Souvenirs sind.<\/p>\n\n\n\n<p>Aber zun\u00e4chst hie\u00df es, dass die M\u00e4rkte nicht abgesagt werden. Ein paar Wochen vor Start wurden sie aber dann doch gecancelt und ich war erst mal in Schockstarre. Nach zwei Tagen hab ich dann gemerkt, dass obwohl die Absage nat\u00fcrlich einen erheblichen Verdienstentgang bedeutete, eine gro\u00dfe Last von meinen Schultern fiel. Ich hab realisiert wie \u00fcberarbeitet und gestresst ich eigentlich schon war. Innere Ruhe kehrte ein und ich war zwar immer noch traurig, konnte aber gleichzeitig auch die Entlastung genie\u00dfen und geno\u00df Spazierg\u00e4nge am Wasser mit meiner kleinen Tochter. Es kehrte ja dann kurz darauf insgesamt Ruhe ein, da die meisten Menschen auf einmal Zuhause waren und dadurch auch unter Woche viel weniger L\u00e4rm herrschte.&nbsp;<\/p>\n\n\n\n<p>Gleichzeitig fiel auch die Kindergarten-Betreuung f\u00fcr meine Tochter weg und dadurch hat sich die Zeit, die ich arbeiten konnte reduziert. Bin ich aber auch schon gewohnt gewesen. Ich hab ja nie eine richtige Babypause gemacht, sondern mir alles mit meinem Mann aufgeteilt, auch gearbeitet, wenn die Kleine im Bett war und gelernt Priorit\u00e4ten zu setzen. Also kein gro\u00dfes Ding f\u00fcr uns. Im Homeoffice bin ich sowieso immer wieder on and off seit 2005 \ud83d\ude42 F\u00fcr Grafikdesigner ist es recht normal von Zuhause aus zu arbeiten, denn Kreativit\u00e4t braucht (zumindest in meinem Fall) Ruhe.&nbsp;<\/p>\n\n\n\n<p>Mit was ich sofort begonnen habe, ist meinen Onlineshop wieder mehr zu pushen und meine Socialmedia-Pr\u00e4senz v.a. auf Instagram hochzuschrauben. Das hat sehr schnell Fr\u00fcchte gezeigt und so konnte ich ein bi\u00dfchen was von den abgesagten Osterm\u00e4rkten damit abfedern. Es hat auch richtig Spa\u00df gemacht zu sehen, dass es a) gut ist mehrere Standbeine zu haben und b) nicht den Kopf in den Sand zu stecken, sondern sich so schnell es geht auf die neue Situation einzustellen und das Beste daraus zu machen.&nbsp;<\/p>\n\n\n\n<figure class=\"wp-block-image size-large\"><img loading=\"lazy\" decoding=\"async\" width=\"1024\" height=\"650\" src=\"https:\/\/vianina.com\/blog\/wp-content\/uploads\/Vianina-Corona-2020-Wien-3-1024x650.jpg\" alt=\"\" class=\"wp-image-343\" srcset=\"https:\/\/vianina.com\/blog\/wp-content\/uploads\/Vianina-Corona-2020-Wien-3-1024x650.jpg 1024w, https:\/\/vianina.com\/blog\/wp-content\/uploads\/Vianina-Corona-2020-Wien-3-300x190.jpg 300w, https:\/\/vianina.com\/blog\/wp-content\/uploads\/Vianina-Corona-2020-Wien-3-768x488.jpg 768w, https:\/\/vianina.com\/blog\/wp-content\/uploads\/Vianina-Corona-2020-Wien-3.jpg 1260w\" sizes=\"auto, (max-width: 1024px) 100vw, 1024px\" \/><\/figure>\n\n\n\n<p>Ganz ehrlich habe ich in den letzten Jahren eh schon immer wieder dar\u00fcber nachgedacht, wann der n\u00e4chste Crash den kommt (denn das ist wohl so sicher wie das Amen in der Kirche) und was dann passieren wird. Diese Frage brauche ich mir 2020 nicht mehr zu stellen. Ein Auf- und Ab bin ich in meiner Selbstst\u00e4ndigkeit, die ich nebenher seit etwa 2005 und voll seit 2012 laufen habe, auch gew\u00f6hnt. Das ist wohl in unserer Welt etwas sehr nat\u00fcrliches: wenn es bergauf ging, geht es auch wieder bergab und umgekehrt.<\/p>\n\n\n\n<p>Ich blicke nun auf ein wohl etwas schwieriges Weihnachtsgesch\u00e4ft 2020. Mein Onlineshop wird hoffentlich brummen, was meine beiden Weihnachtsm\u00e4rkte in Schloss Sch\u00f6nbrunn und am Spittelberg, im coolen 7. Bezirk Wiens, betrifft, geht es vermutlich ums durchtauchen, denn ohne ausl\u00e4ndische Besucher aus allen Teilen der Welt wird es wohl nicht so glamor\u00f6s laufen. Aber wer wei\u00df, vielleicht haben alle in \u00d6sterreich lebenden Menschen um so mehr Lust uns zu besuchen, weil die M\u00e4rkte ja im Freien und nicht so \u00fcberlaufen wie die letzten Jahre sein k\u00f6nnten. Wir werden es sehen, ich bleibe positiv und genie\u00dfe (muss ich zugeben) dass der Himmel \u00fcber Wien weniger beflogen wird.&nbsp;<\/p>\n\n\n\n<p><big>Mein pers\u00f6nliches Res\u00fcme \u2013 ich bin dankbar, dass es trotzdem weiter geht, dass ich nicht die Freude an meiner Arbeit und an meinem Leben hier am Stadtrand von Wien \u2013 in der Donaustadt \u2013 verloren habe \ud83d\ude42&nbsp;<\/big><\/p>\n\n\n\n<p>Die tollen Fotos sind \u00fcbrigens von meiner lieben Freundin&nbsp;<a href=\"https:\/\/knapik-studio.com\/\" target=\"_blank\" rel=\"noopener\">Malgorzata Knapik<\/a><\/p>\n\n\n\n<figure class=\"wp-block-image size-large\"><img loading=\"lazy\" decoding=\"async\" width=\"1024\" height=\"650\" src=\"https:\/\/vianina.com\/blog\/wp-content\/uploads\/Vianina-Corona-2020-Wien-1024x650.jpg\" alt=\"\" class=\"wp-image-344\" srcset=\"https:\/\/vianina.com\/blog\/wp-content\/uploads\/Vianina-Corona-2020-Wien-1024x650.jpg 1024w, https:\/\/vianina.com\/blog\/wp-content\/uploads\/Vianina-Corona-2020-Wien-300x190.jpg 300w, https:\/\/vianina.com\/blog\/wp-content\/uploads\/Vianina-Corona-2020-Wien-768x488.jpg 768w, https:\/\/vianina.com\/blog\/wp-content\/uploads\/Vianina-Corona-2020-Wien.jpg 1260w\" sizes=\"auto, (max-width: 1024px) 100vw, 1024px\" \/><\/figure>\n","protected":false},"excerpt":{"rendered":"<p>Heute m\u00f6chte ich euch ein bi\u00dfchen was von meinem bisherigen Corona-Jahr 2020 erz\u00e4hlen \u2013 vom ersten Schock bis zur Dankbarkeit \ud83d\ude42<\/p>\n","protected":false},"author":2,"featured_media":344,"comment_status":"closed","ping_status":"open","sticky":false,"template":"","format":"standard","meta":{"inline_featured_image":false,"footnotes":""},"categories":[1],"tags":[],"class_list":["post-78","post","type-post","status-publish","format-standard","has-post-thumbnail","hentry","category-allgemein"],"yoast_head":"<!-- This site is optimized with the Yoast SEO plugin v24.5 - https:\/\/yoast.com\/wordpress\/plugins\/seo\/ -->\n<title>Coronajahr 2020 \u2013 eine pers\u00f6nliche Zwischenbilanz - Vianina Blog<\/title>\n<meta name=\"robots\" content=\"index, follow, max-snippet:-1, max-image-preview:large, max-video-preview:-1\" \/>\n<link rel=\"canonical\" href=\"https:\/\/vianina.com\/blog\/coronajahr-2020-eine-persoenliche-zwischenbilanz\/\" \/>\n<meta property=\"og:locale\" content=\"de_DE\" \/>\n<meta property=\"og:type\" content=\"article\" \/>\n<meta property=\"og:title\" content=\"Coronajahr 2020 \u2013 eine pers\u00f6nliche Zwischenbilanz - Vianina Blog\" \/>\n<meta property=\"og:description\" content=\"Heute m\u00f6chte ich euch ein bi\u00dfchen was von meinem bisherigen Corona-Jahr 2020 erz\u00e4hlen \u2013 vom ersten Schock bis zur Dankbarkeit :)\" \/>\n<meta property=\"og:url\" content=\"https:\/\/vianina.com\/blog\/coronajahr-2020-eine-persoenliche-zwischenbilanz\/\" \/>\n<meta property=\"og:site_name\" content=\"Vianina Blog\" \/>\n<meta property=\"article:publisher\" content=\"https:\/\/www.facebook.com\/vianinacitymaps\/\" \/>\n<meta property=\"article:published_time\" content=\"2020-07-03T08:00:00+00:00\" \/>\n<meta property=\"article:modified_time\" content=\"2024-09-22T13:01:04+00:00\" \/>\n<meta property=\"og:image\" content=\"https:\/\/vianina.com\/blog\/wp-content\/uploads\/Vianina-Corona-2020-Wien.jpg\" \/>\n\t<meta property=\"og:image:width\" content=\"1260\" \/>\n\t<meta property=\"og:image:height\" content=\"800\" \/>\n\t<meta property=\"og:image:type\" content=\"image\/jpeg\" \/>\n<meta name=\"author\" content=\"Nina Wilsmann\" \/>\n<meta name=\"twitter:card\" content=\"summary_large_image\" \/>\n<meta name=\"twitter:label1\" content=\"Verfasst von\" \/>\n\t<meta name=\"twitter:data1\" content=\"Nina Wilsmann\" \/>\n\t<meta name=\"twitter:label2\" content=\"Gesch\u00e4tzte Lesezeit\" \/>\n\t<meta name=\"twitter:data2\" content=\"5\u00a0Minuten\" \/>\n<script type=\"application\/ld+json\" class=\"yoast-schema-graph\">{\"@context\":\"https:\/\/schema.org\",\"@graph\":[{\"@type\":\"Article\",\"@id\":\"https:\/\/vianina.com\/blog\/coronajahr-2020-eine-persoenliche-zwischenbilanz\/#article\",\"isPartOf\":{\"@id\":\"https:\/\/vianina.com\/blog\/coronajahr-2020-eine-persoenliche-zwischenbilanz\/\"},\"author\":{\"name\":\"Nina Wilsmann\",\"@id\":\"https:\/\/vianina.com\/blog\/#\/schema\/person\/7366472c14acd3ca80c820ff42b92c8d\"},\"headline\":\"Coronajahr 2020 \u2013 eine pers\u00f6nliche Zwischenbilanz\",\"datePublished\":\"2020-07-03T08:00:00+00:00\",\"dateModified\":\"2024-09-22T13:01:04+00:00\",\"mainEntityOfPage\":{\"@id\":\"https:\/\/vianina.com\/blog\/coronajahr-2020-eine-persoenliche-zwischenbilanz\/\"},\"wordCount\":656,\"publisher\":{\"@id\":\"https:\/\/vianina.com\/blog\/#organization\"},\"image\":{\"@id\":\"https:\/\/vianina.com\/blog\/coronajahr-2020-eine-persoenliche-zwischenbilanz\/#primaryimage\"},\"thumbnailUrl\":\"https:\/\/vianina.com\/blog\/wp-content\/uploads\/Vianina-Corona-2020-Wien.jpg\",\"inLanguage\":\"de\"},{\"@type\":\"WebPage\",\"@id\":\"https:\/\/vianina.com\/blog\/coronajahr-2020-eine-persoenliche-zwischenbilanz\/\",\"url\":\"https:\/\/vianina.com\/blog\/coronajahr-2020-eine-persoenliche-zwischenbilanz\/\",\"name\":\"Coronajahr 2020 \u2013 eine pers\u00f6nliche Zwischenbilanz - Vianina Blog\",\"isPartOf\":{\"@id\":\"https:\/\/vianina.com\/blog\/#website\"},\"primaryImageOfPage\":{\"@id\":\"https:\/\/vianina.com\/blog\/coronajahr-2020-eine-persoenliche-zwischenbilanz\/#primaryimage\"},\"image\":{\"@id\":\"https:\/\/vianina.com\/blog\/coronajahr-2020-eine-persoenliche-zwischenbilanz\/#primaryimage\"},\"thumbnailUrl\":\"https:\/\/vianina.com\/blog\/wp-content\/uploads\/Vianina-Corona-2020-Wien.jpg\",\"datePublished\":\"2020-07-03T08:00:00+00:00\",\"dateModified\":\"2024-09-22T13:01:04+00:00\",\"breadcrumb\":{\"@id\":\"https:\/\/vianina.com\/blog\/coronajahr-2020-eine-persoenliche-zwischenbilanz\/#breadcrumb\"},\"inLanguage\":\"de\",\"potentialAction\":[{\"@type\":\"ReadAction\",\"target\":[\"https:\/\/vianina.com\/blog\/coronajahr-2020-eine-persoenliche-zwischenbilanz\/\"]}]},{\"@type\":\"ImageObject\",\"inLanguage\":\"de\",\"@id\":\"https:\/\/vianina.com\/blog\/coronajahr-2020-eine-persoenliche-zwischenbilanz\/#primaryimage\",\"url\":\"https:\/\/vianina.com\/blog\/wp-content\/uploads\/Vianina-Corona-2020-Wien.jpg\",\"contentUrl\":\"https:\/\/vianina.com\/blog\/wp-content\/uploads\/Vianina-Corona-2020-Wien.jpg\",\"width\":1260,\"height\":800},{\"@type\":\"BreadcrumbList\",\"@id\":\"https:\/\/vianina.com\/blog\/coronajahr-2020-eine-persoenliche-zwischenbilanz\/#breadcrumb\",\"itemListElement\":[{\"@type\":\"ListItem\",\"position\":1,\"name\":\"Startseite\",\"item\":\"https:\/\/vianina.com\/blog\/\"},{\"@type\":\"ListItem\",\"position\":2,\"name\":\"Coronajahr 2020 \u2013 eine pers\u00f6nliche Zwischenbilanz\"}]},{\"@type\":\"WebSite\",\"@id\":\"https:\/\/vianina.com\/blog\/#website\",\"url\":\"https:\/\/vianina.com\/blog\/\",\"name\":\"Vianina Blog\",\"description\":\"Maps to the heart\",\"publisher\":{\"@id\":\"https:\/\/vianina.com\/blog\/#organization\"},\"alternateName\":\"Maps to the heart\",\"potentialAction\":[{\"@type\":\"SearchAction\",\"target\":{\"@type\":\"EntryPoint\",\"urlTemplate\":\"https:\/\/vianina.com\/blog\/?s={search_term_string}\"},\"query-input\":{\"@type\":\"PropertyValueSpecification\",\"valueRequired\":true,\"valueName\":\"search_term_string\"}}],\"inLanguage\":\"de\"},{\"@type\":\"Organization\",\"@id\":\"https:\/\/vianina.com\/blog\/#organization\",\"name\":\"Vianina Blog\",\"alternateName\":\"Maps to the heart\",\"url\":\"https:\/\/vianina.com\/blog\/\",\"logo\":{\"@type\":\"ImageObject\",\"inLanguage\":\"de\",\"@id\":\"https:\/\/vianina.com\/blog\/#\/schema\/logo\/image\/\",\"url\":\"https:\/\/vianina.com\/blog\/wp-content\/uploads\/vianina-logo.svg\",\"contentUrl\":\"https:\/\/vianina.com\/blog\/wp-content\/uploads\/vianina-logo.svg\",\"width\":\"1024\",\"height\":\"1024\",\"caption\":\"Vianina Blog\"},\"image\":{\"@id\":\"https:\/\/vianina.com\/blog\/#\/schema\/logo\/image\/\"},\"sameAs\":[\"https:\/\/www.facebook.com\/vianinacitymaps\/\",\"https:\/\/www.instagram.com\/vianinacitymaps\/\"]},{\"@type\":\"Person\",\"@id\":\"https:\/\/vianina.com\/blog\/#\/schema\/person\/7366472c14acd3ca80c820ff42b92c8d\",\"name\":\"Nina Wilsmann\",\"image\":{\"@type\":\"ImageObject\",\"inLanguage\":\"de\",\"@id\":\"https:\/\/vianina.com\/blog\/#\/schema\/person\/image\/\",\"url\":\"https:\/\/secure.gravatar.com\/avatar\/652e1c0af8c917552325f80b970bb9ade407b38fa99aff015b98bda58d1fa710?s=96&d=mm&r=g\",\"contentUrl\":\"https:\/\/secure.gravatar.com\/avatar\/652e1c0af8c917552325f80b970bb9ade407b38fa99aff015b98bda58d1fa710?s=96&d=mm&r=g\",\"caption\":\"Nina Wilsmann\"},\"sameAs\":[\"http:\/\/vianina.com\"],\"url\":\"https:\/\/vianina.com\/blog\/author\/hellovianina-com\/\"}]}<\/script>\n<!-- \/ Yoast SEO plugin. -->","yoast_head_json":{"title":"Coronajahr 2020 \u2013 eine pers\u00f6nliche Zwischenbilanz - Vianina Blog","robots":{"index":"index","follow":"follow","max-snippet":"max-snippet:-1","max-image-preview":"max-image-preview:large","max-video-preview":"max-video-preview:-1"},"canonical":"https:\/\/vianina.com\/blog\/coronajahr-2020-eine-persoenliche-zwischenbilanz\/","og_locale":"de_DE","og_type":"article","og_title":"Coronajahr 2020 \u2013 eine pers\u00f6nliche Zwischenbilanz - Vianina Blog","og_description":"Heute m\u00f6chte ich euch ein bi\u00dfchen was von meinem bisherigen Corona-Jahr 2020 erz\u00e4hlen \u2013 vom ersten Schock bis zur Dankbarkeit :)","og_url":"https:\/\/vianina.com\/blog\/coronajahr-2020-eine-persoenliche-zwischenbilanz\/","og_site_name":"Vianina Blog","article_publisher":"https:\/\/www.facebook.com\/vianinacitymaps\/","article_published_time":"2020-07-03T08:00:00+00:00","article_modified_time":"2024-09-22T13:01:04+00:00","og_image":[{"width":1260,"height":800,"url":"https:\/\/vianina.com\/blog\/wp-content\/uploads\/Vianina-Corona-2020-Wien.jpg","type":"image\/jpeg"}],"author":"Nina Wilsmann","twitter_card":"summary_large_image","twitter_misc":{"Verfasst von":"Nina Wilsmann","Gesch\u00e4tzte Lesezeit":"5\u00a0Minuten"},"schema":{"@context":"https:\/\/schema.org","@graph":[{"@type":"Article","@id":"https:\/\/vianina.com\/blog\/coronajahr-2020-eine-persoenliche-zwischenbilanz\/#article","isPartOf":{"@id":"https:\/\/vianina.com\/blog\/coronajahr-2020-eine-persoenliche-zwischenbilanz\/"},"author":{"name":"Nina Wilsmann","@id":"https:\/\/vianina.com\/blog\/#\/schema\/person\/7366472c14acd3ca80c820ff42b92c8d"},"headline":"Coronajahr 2020 \u2013 eine pers\u00f6nliche Zwischenbilanz","datePublished":"2020-07-03T08:00:00+00:00","dateModified":"2024-09-22T13:01:04+00:00","mainEntityOfPage":{"@id":"https:\/\/vianina.com\/blog\/coronajahr-2020-eine-persoenliche-zwischenbilanz\/"},"wordCount":656,"publisher":{"@id":"https:\/\/vianina.com\/blog\/#organization"},"image":{"@id":"https:\/\/vianina.com\/blog\/coronajahr-2020-eine-persoenliche-zwischenbilanz\/#primaryimage"},"thumbnailUrl":"https:\/\/vianina.com\/blog\/wp-content\/uploads\/Vianina-Corona-2020-Wien.jpg","inLanguage":"de"},{"@type":"WebPage","@id":"https:\/\/vianina.com\/blog\/coronajahr-2020-eine-persoenliche-zwischenbilanz\/","url":"https:\/\/vianina.com\/blog\/coronajahr-2020-eine-persoenliche-zwischenbilanz\/","name":"Coronajahr 2020 \u2013 eine pers\u00f6nliche Zwischenbilanz - Vianina Blog","isPartOf":{"@id":"https:\/\/vianina.com\/blog\/#website"},"primaryImageOfPage":{"@id":"https:\/\/vianina.com\/blog\/coronajahr-2020-eine-persoenliche-zwischenbilanz\/#primaryimage"},"image":{"@id":"https:\/\/vianina.com\/blog\/coronajahr-2020-eine-persoenliche-zwischenbilanz\/#primaryimage"},"thumbnailUrl":"https:\/\/vianina.com\/blog\/wp-content\/uploads\/Vianina-Corona-2020-Wien.jpg","datePublished":"2020-07-03T08:00:00+00:00","dateModified":"2024-09-22T13:01:04+00:00","breadcrumb":{"@id":"https:\/\/vianina.com\/blog\/coronajahr-2020-eine-persoenliche-zwischenbilanz\/#breadcrumb"},"inLanguage":"de","potentialAction":[{"@type":"ReadAction","target":["https:\/\/vianina.com\/blog\/coronajahr-2020-eine-persoenliche-zwischenbilanz\/"]}]},{"@type":"ImageObject","inLanguage":"de","@id":"https:\/\/vianina.com\/blog\/coronajahr-2020-eine-persoenliche-zwischenbilanz\/#primaryimage","url":"https:\/\/vianina.com\/blog\/wp-content\/uploads\/Vianina-Corona-2020-Wien.jpg","contentUrl":"https:\/\/vianina.com\/blog\/wp-content\/uploads\/Vianina-Corona-2020-Wien.jpg","width":1260,"height":800},{"@type":"BreadcrumbList","@id":"https:\/\/vianina.com\/blog\/coronajahr-2020-eine-persoenliche-zwischenbilanz\/#breadcrumb","itemListElement":[{"@type":"ListItem","position":1,"name":"Startseite","item":"https:\/\/vianina.com\/blog\/"},{"@type":"ListItem","position":2,"name":"Coronajahr 2020 \u2013 eine pers\u00f6nliche Zwischenbilanz"}]},{"@type":"WebSite","@id":"https:\/\/vianina.com\/blog\/#website","url":"https:\/\/vianina.com\/blog\/","name":"Vianina Blog","description":"Maps to the heart","publisher":{"@id":"https:\/\/vianina.com\/blog\/#organization"},"alternateName":"Maps to the heart","potentialAction":[{"@type":"SearchAction","target":{"@type":"EntryPoint","urlTemplate":"https:\/\/vianina.com\/blog\/?s={search_term_string}"},"query-input":{"@type":"PropertyValueSpecification","valueRequired":true,"valueName":"search_term_string"}}],"inLanguage":"de"},{"@type":"Organization","@id":"https:\/\/vianina.com\/blog\/#organization","name":"Vianina Blog","alternateName":"Maps to the heart","url":"https:\/\/vianina.com\/blog\/","logo":{"@type":"ImageObject","inLanguage":"de","@id":"https:\/\/vianina.com\/blog\/#\/schema\/logo\/image\/","url":"https:\/\/vianina.com\/blog\/wp-content\/uploads\/vianina-logo.svg","contentUrl":"https:\/\/vianina.com\/blog\/wp-content\/uploads\/vianina-logo.svg","width":"1024","height":"1024","caption":"Vianina Blog"},"image":{"@id":"https:\/\/vianina.com\/blog\/#\/schema\/logo\/image\/"},"sameAs":["https:\/\/www.facebook.com\/vianinacitymaps\/","https:\/\/www.instagram.com\/vianinacitymaps\/"]},{"@type":"Person","@id":"https:\/\/vianina.com\/blog\/#\/schema\/person\/7366472c14acd3ca80c820ff42b92c8d","name":"Nina Wilsmann","image":{"@type":"ImageObject","inLanguage":"de","@id":"https:\/\/vianina.com\/blog\/#\/schema\/person\/image\/","url":"https:\/\/secure.gravatar.com\/avatar\/652e1c0af8c917552325f80b970bb9ade407b38fa99aff015b98bda58d1fa710?s=96&d=mm&r=g","contentUrl":"https:\/\/secure.gravatar.com\/avatar\/652e1c0af8c917552325f80b970bb9ade407b38fa99aff015b98bda58d1fa710?s=96&d=mm&r=g","caption":"Nina Wilsmann"},"sameAs":["http:\/\/vianina.com"],"url":"https:\/\/vianina.com\/blog\/author\/hellovianina-com\/"}]}},"_links":{"self":[{"href":"https:\/\/vianina.com\/blog\/wp-json\/wp\/v2\/posts\/78","targetHints":{"allow":["GET"]}}],"collection":[{"href":"https:\/\/vianina.com\/blog\/wp-json\/wp\/v2\/posts"}],"about":[{"href":"https:\/\/vianina.com\/blog\/wp-json\/wp\/v2\/types\/post"}],"author":[{"embeddable":true,"href":"https:\/\/vianina.com\/blog\/wp-json\/wp\/v2\/users\/2"}],"replies":[{"embeddable":true,"href":"https:\/\/vianina.com\/blog\/wp-json\/wp\/v2\/comments?post=78"}],"version-history":[{"count":2,"href":"https:\/\/vianina.com\/blog\/wp-json\/wp\/v2\/posts\/78\/revisions"}],"predecessor-version":[{"id":1071,"href":"https:\/\/vianina.com\/blog\/wp-json\/wp\/v2\/posts\/78\/revisions\/1071"}],"wp:featuredmedia":[{"embeddable":true,"href":"https:\/\/vianina.com\/blog\/wp-json\/wp\/v2\/media\/344"}],"wp:attachment":[{"href":"https:\/\/vianina.com\/blog\/wp-json\/wp\/v2\/media?parent=78"}],"wp:term":[{"taxonomy":"category","embeddable":true,"href":"https:\/\/vianina.com\/blog\/wp-json\/wp\/v2\/categories?post=78"},{"taxonomy":"post_tag","embeddable":true,"href":"https:\/\/vianina.com\/blog\/wp-json\/wp\/v2\/tags?post=78"}],"curies":[{"name":"wp","href":"https:\/\/api.w.org\/{rel}","templated":true}]}}