{"id":79,"date":"2020-08-05T08:00:00","date_gmt":"2020-08-05T06:00:00","guid":{"rendered":"https:\/\/wp.vianina.com\/2020\/08\/05\/urlaub-am-achensee\/"},"modified":"2024-09-22T14:58:36","modified_gmt":"2024-09-22T12:58:36","slug":"urlaub-am-achensee","status":"publish","type":"post","link":"https:\/\/vianina.com\/blog\/urlaub-am-achensee\/","title":{"rendered":"Urlaub am Achensee"},"content":{"rendered":"\n<p><big>Im Coronajahr 2020 hat sich die Mehrheit der \u00d6sterreicher entschlossen im eigenen Land zu urlauben. Eine gute Gelegenheit sich die eigene Heimat mal genauer anzusehen und festzustellen, dass es nicht immer ferne Destinationen sein m\u00fcssen.<\/big><\/p>\n\n\n\n<p>Ich f\u00fchle mich ja eh schon ein wenig erholt, sobald ich die Berge sehe. Bei uns im 22. Bezirk in Wien oder auch Transdanubien ist\u2018s ja eher flach \ud83d\ude09 und da ich in Bayern nahe der \u00d6sterreichischen Grenze aufgewachsen bin, sind die Alpen und ich gute Freunde.&nbsp;<\/p>\n\n\n\n<figure class=\"wp-block-image size-large\"><img loading=\"lazy\" decoding=\"async\" width=\"1024\" height=\"650\" src=\"https:\/\/vianina.com\/blog\/wp-content\/uploads\/Vianina-Hymer-Fiat-Eriba-Achensee-1024x650.jpg\" alt=\"\" class=\"wp-image-381\" srcset=\"https:\/\/vianina.com\/blog\/wp-content\/uploads\/Vianina-Hymer-Fiat-Eriba-Achensee-1024x650.jpg 1024w, https:\/\/vianina.com\/blog\/wp-content\/uploads\/Vianina-Hymer-Fiat-Eriba-Achensee-300x190.jpg 300w, https:\/\/vianina.com\/blog\/wp-content\/uploads\/Vianina-Hymer-Fiat-Eriba-Achensee-768x488.jpg 768w, https:\/\/vianina.com\/blog\/wp-content\/uploads\/Vianina-Hymer-Fiat-Eriba-Achensee.jpg 1260w\" sizes=\"auto, (max-width: 1024px) 100vw, 1024px\" \/><\/figure>\n\n\n\n<p>Wir waren jetzt ein paar Tage am Achensee in Tirol. Zum ersten Mal seit meiner Kindheit mit dem Wohnmobil \u2013 einem alten Hymer Fiat Eriba von 1991, den mir meine Tante vererbt hat. Ein echtes Vintage-Gef\u00e4hrt. Beim Fahren r\u00f6hrt der Motor und das Wort Klimaanlage hat der gute alte Herr noch nie geh\u00f6rt. Auch die Reisegeschwindigkeit ist mit h\u00f6chsten 110 km\/h etwas gedrosselt, was ich als sehr angenehm empfinde. Kein hektisches auf der linken Spur gefahre und Landstra\u00dfen bevorzugt. Bergauf schnauft dieser Brummi ziemlich, aber er schafft es. Ein Freund der Umwelt ist das Teil nat\u00fcrlich nicht. Aber dadurch, dass ich im Homeoffice bin und immer viel mit dem Rad unterwegs, ist mein Gewissen ein bi\u00dfchen beruhigt, ein bisschen! Auch fahren mit diesem Oldtimer nicht wirklich viele Kilometer pro Jahr. Aber es ist wirklich ein tolles Gef\u00fchl, wenn man das eigene Haus mit dabei hat \ud83d\ude42<\/p>\n\n\n\n<p>Der Achensee ist ein traumhaft sch\u00f6ner See, mit supersauberem Wasser und vielen Ausflugsm\u00f6glichkeiten in der n\u00e4heren Umgebung, wie die&nbsp;Rofan Seilbahn zum Wandern,&nbsp;Karwendel-Bergbahn,&nbsp;Zw\u00f6lferkopf,&nbsp;Seebergspitze, Wolfsklamm u.v.m. oder Innsbruck.&nbsp;<\/p>\n\n\n\n<figure class=\"wp-block-image size-large\"><img loading=\"lazy\" decoding=\"async\" width=\"1024\" height=\"650\" src=\"https:\/\/vianina.com\/blog\/wp-content\/uploads\/Vianina-Achensee-Gramaialm-1024x650.jpg\" alt=\"\" class=\"wp-image-331\" srcset=\"https:\/\/vianina.com\/blog\/wp-content\/uploads\/Vianina-Achensee-Gramaialm-1024x650.jpg 1024w, https:\/\/vianina.com\/blog\/wp-content\/uploads\/Vianina-Achensee-Gramaialm-300x190.jpg 300w, https:\/\/vianina.com\/blog\/wp-content\/uploads\/Vianina-Achensee-Gramaialm-768x488.jpg 768w, https:\/\/vianina.com\/blog\/wp-content\/uploads\/Vianina-Achensee-Gramaialm.jpg 1260w\" sizes=\"auto, (max-width: 1024px) 100vw, 1024px\" \/><\/figure>\n\n\n\n<p>Wir haben mit unserer kleinen Tochter einen Ausflug zur Gramai Alm gemacht, wo es einen toller Spielplatz gibt und auch ein sehr verlockend aussehnder Spabereich mit Hotel. Highlight war der Almatrieb von gef\u00fchlt endlos vielen K\u00fchen, die an uns vorbei gezogen sind \ud83d\ude42 auf nach Tirol!<\/p>\n\n\n\n<figure class=\"wp-block-image size-large\"><img loading=\"lazy\" decoding=\"async\" width=\"1024\" height=\"650\" src=\"https:\/\/vianina.com\/blog\/wp-content\/uploads\/Vianina-Achensee-Gramaialm-2-1024x650.jpg\" alt=\"\" class=\"wp-image-330\" srcset=\"https:\/\/vianina.com\/blog\/wp-content\/uploads\/Vianina-Achensee-Gramaialm-2-1024x650.jpg 1024w, https:\/\/vianina.com\/blog\/wp-content\/uploads\/Vianina-Achensee-Gramaialm-2-300x190.jpg 300w, https:\/\/vianina.com\/blog\/wp-content\/uploads\/Vianina-Achensee-Gramaialm-2-768x488.jpg 768w, https:\/\/vianina.com\/blog\/wp-content\/uploads\/Vianina-Achensee-Gramaialm-2.jpg 1260w\" sizes=\"auto, (max-width: 1024px) 100vw, 1024px\" \/><\/figure>\n","protected":false},"excerpt":{"rendered":"<p>Im Coronajahr 2020 hat sich die Mehrheit der \u00d6sterreicher entschlossen im eigenen Land zu urlauben. Eine gute Gelegenheit sich die eigene Heimat mal genauer anzusehen und festzustellen, dass es nicht immer ferne Destinationen sein m\u00fcssen.<\/p>\n","protected":false},"author":2,"featured_media":381,"comment_status":"closed","ping_status":"open","sticky":false,"template":"","format":"standard","meta":{"inline_featured_image":false,"footnotes":""},"categories":[1],"tags":[],"class_list":["post-79","post","type-post","status-publish","format-standard","has-post-thumbnail","hentry","category-allgemein"],"yoast_head":"<!-- This site is optimized with the Yoast SEO plugin v24.5 - https:\/\/yoast.com\/wordpress\/plugins\/seo\/ -->\n<title>Urlaub am Achensee - Vianina Blog<\/title>\n<meta name=\"robots\" content=\"index, follow, max-snippet:-1, max-image-preview:large, max-video-preview:-1\" \/>\n<link rel=\"canonical\" href=\"https:\/\/vianina.com\/blog\/urlaub-am-achensee\/\" \/>\n<meta property=\"og:locale\" content=\"de_DE\" \/>\n<meta property=\"og:type\" content=\"article\" \/>\n<meta property=\"og:title\" content=\"Urlaub am Achensee - Vianina Blog\" \/>\n<meta property=\"og:description\" content=\"Im Coronajahr 2020 hat sich die Mehrheit der \u00d6sterreicher entschlossen im eigenen Land zu urlauben. Eine gute Gelegenheit sich die eigene Heimat mal genauer anzusehen und festzustellen, dass es nicht immer ferne Destinationen sein m\u00fcssen.\" \/>\n<meta property=\"og:url\" content=\"https:\/\/vianina.com\/blog\/urlaub-am-achensee\/\" \/>\n<meta property=\"og:site_name\" content=\"Vianina Blog\" \/>\n<meta property=\"article:publisher\" content=\"https:\/\/www.facebook.com\/vianinacitymaps\/\" \/>\n<meta property=\"article:published_time\" content=\"2020-08-05T06:00:00+00:00\" \/>\n<meta property=\"article:modified_time\" content=\"2024-09-22T12:58:36+00:00\" \/>\n<meta property=\"og:image\" content=\"https:\/\/vianina.com\/blog\/wp-content\/uploads\/Vianina-Hymer-Fiat-Eriba-Achensee.jpg\" \/>\n\t<meta property=\"og:image:width\" content=\"1260\" \/>\n\t<meta property=\"og:image:height\" content=\"800\" \/>\n\t<meta property=\"og:image:type\" content=\"image\/jpeg\" \/>\n<meta name=\"author\" content=\"Nina Wilsmann\" \/>\n<meta name=\"twitter:card\" content=\"summary_large_image\" \/>\n<meta name=\"twitter:label1\" content=\"Verfasst von\" \/>\n\t<meta name=\"twitter:data1\" content=\"Nina Wilsmann\" \/>\n\t<meta name=\"twitter:label2\" content=\"Gesch\u00e4tzte Lesezeit\" \/>\n\t<meta name=\"twitter:data2\" content=\"3\u00a0Minuten\" \/>\n<script type=\"application\/ld+json\" class=\"yoast-schema-graph\">{\"@context\":\"https:\/\/schema.org\",\"@graph\":[{\"@type\":\"Article\",\"@id\":\"https:\/\/vianina.com\/blog\/urlaub-am-achensee\/#article\",\"isPartOf\":{\"@id\":\"https:\/\/vianina.com\/blog\/urlaub-am-achensee\/\"},\"author\":{\"name\":\"Nina Wilsmann\",\"@id\":\"https:\/\/vianina.com\/blog\/#\/schema\/person\/7366472c14acd3ca80c820ff42b92c8d\"},\"headline\":\"Urlaub am Achensee\",\"datePublished\":\"2020-08-05T06:00:00+00:00\",\"dateModified\":\"2024-09-22T12:58:36+00:00\",\"mainEntityOfPage\":{\"@id\":\"https:\/\/vianina.com\/blog\/urlaub-am-achensee\/\"},\"wordCount\":325,\"publisher\":{\"@id\":\"https:\/\/vianina.com\/blog\/#organization\"},\"image\":{\"@id\":\"https:\/\/vianina.com\/blog\/urlaub-am-achensee\/#primaryimage\"},\"thumbnailUrl\":\"https:\/\/vianina.com\/blog\/wp-content\/uploads\/Vianina-Hymer-Fiat-Eriba-Achensee.jpg\",\"inLanguage\":\"de\"},{\"@type\":\"WebPage\",\"@id\":\"https:\/\/vianina.com\/blog\/urlaub-am-achensee\/\",\"url\":\"https:\/\/vianina.com\/blog\/urlaub-am-achensee\/\",\"name\":\"Urlaub am Achensee - Vianina Blog\",\"isPartOf\":{\"@id\":\"https:\/\/vianina.com\/blog\/#website\"},\"primaryImageOfPage\":{\"@id\":\"https:\/\/vianina.com\/blog\/urlaub-am-achensee\/#primaryimage\"},\"image\":{\"@id\":\"https:\/\/vianina.com\/blog\/urlaub-am-achensee\/#primaryimage\"},\"thumbnailUrl\":\"https:\/\/vianina.com\/blog\/wp-content\/uploads\/Vianina-Hymer-Fiat-Eriba-Achensee.jpg\",\"datePublished\":\"2020-08-05T06:00:00+00:00\",\"dateModified\":\"2024-09-22T12:58:36+00:00\",\"breadcrumb\":{\"@id\":\"https:\/\/vianina.com\/blog\/urlaub-am-achensee\/#breadcrumb\"},\"inLanguage\":\"de\",\"potentialAction\":[{\"@type\":\"ReadAction\",\"target\":[\"https:\/\/vianina.com\/blog\/urlaub-am-achensee\/\"]}]},{\"@type\":\"ImageObject\",\"inLanguage\":\"de\",\"@id\":\"https:\/\/vianina.com\/blog\/urlaub-am-achensee\/#primaryimage\",\"url\":\"https:\/\/vianina.com\/blog\/wp-content\/uploads\/Vianina-Hymer-Fiat-Eriba-Achensee.jpg\",\"contentUrl\":\"https:\/\/vianina.com\/blog\/wp-content\/uploads\/Vianina-Hymer-Fiat-Eriba-Achensee.jpg\",\"width\":1260,\"height\":800},{\"@type\":\"BreadcrumbList\",\"@id\":\"https:\/\/vianina.com\/blog\/urlaub-am-achensee\/#breadcrumb\",\"itemListElement\":[{\"@type\":\"ListItem\",\"position\":1,\"name\":\"Startseite\",\"item\":\"https:\/\/vianina.com\/blog\/\"},{\"@type\":\"ListItem\",\"position\":2,\"name\":\"Urlaub am Achensee\"}]},{\"@type\":\"WebSite\",\"@id\":\"https:\/\/vianina.com\/blog\/#website\",\"url\":\"https:\/\/vianina.com\/blog\/\",\"name\":\"Vianina Blog\",\"description\":\"Maps to the heart\",\"publisher\":{\"@id\":\"https:\/\/vianina.com\/blog\/#organization\"},\"alternateName\":\"Maps to the heart\",\"potentialAction\":[{\"@type\":\"SearchAction\",\"target\":{\"@type\":\"EntryPoint\",\"urlTemplate\":\"https:\/\/vianina.com\/blog\/?s={search_term_string}\"},\"query-input\":{\"@type\":\"PropertyValueSpecification\",\"valueRequired\":true,\"valueName\":\"search_term_string\"}}],\"inLanguage\":\"de\"},{\"@type\":\"Organization\",\"@id\":\"https:\/\/vianina.com\/blog\/#organization\",\"name\":\"Vianina Blog\",\"alternateName\":\"Maps to the heart\",\"url\":\"https:\/\/vianina.com\/blog\/\",\"logo\":{\"@type\":\"ImageObject\",\"inLanguage\":\"de\",\"@id\":\"https:\/\/vianina.com\/blog\/#\/schema\/logo\/image\/\",\"url\":\"https:\/\/vianina.com\/blog\/wp-content\/uploads\/vianina-logo.svg\",\"contentUrl\":\"https:\/\/vianina.com\/blog\/wp-content\/uploads\/vianina-logo.svg\",\"width\":\"1024\",\"height\":\"1024\",\"caption\":\"Vianina Blog\"},\"image\":{\"@id\":\"https:\/\/vianina.com\/blog\/#\/schema\/logo\/image\/\"},\"sameAs\":[\"https:\/\/www.facebook.com\/vianinacitymaps\/\",\"https:\/\/www.instagram.com\/vianinacitymaps\/\"]},{\"@type\":\"Person\",\"@id\":\"https:\/\/vianina.com\/blog\/#\/schema\/person\/7366472c14acd3ca80c820ff42b92c8d\",\"name\":\"Nina Wilsmann\",\"image\":{\"@type\":\"ImageObject\",\"inLanguage\":\"de\",\"@id\":\"https:\/\/vianina.com\/blog\/#\/schema\/person\/image\/\",\"url\":\"https:\/\/secure.gravatar.com\/avatar\/652e1c0af8c917552325f80b970bb9ade407b38fa99aff015b98bda58d1fa710?s=96&d=mm&r=g\",\"contentUrl\":\"https:\/\/secure.gravatar.com\/avatar\/652e1c0af8c917552325f80b970bb9ade407b38fa99aff015b98bda58d1fa710?s=96&d=mm&r=g\",\"caption\":\"Nina Wilsmann\"},\"sameAs\":[\"http:\/\/vianina.com\"],\"url\":\"https:\/\/vianina.com\/blog\/author\/hellovianina-com\/\"}]}<\/script>\n<!-- \/ Yoast SEO plugin. -->","yoast_head_json":{"title":"Urlaub am Achensee - Vianina Blog","robots":{"index":"index","follow":"follow","max-snippet":"max-snippet:-1","max-image-preview":"max-image-preview:large","max-video-preview":"max-video-preview:-1"},"canonical":"https:\/\/vianina.com\/blog\/urlaub-am-achensee\/","og_locale":"de_DE","og_type":"article","og_title":"Urlaub am Achensee - Vianina Blog","og_description":"Im Coronajahr 2020 hat sich die Mehrheit der \u00d6sterreicher entschlossen im eigenen Land zu urlauben. Eine gute Gelegenheit sich die eigene Heimat mal genauer anzusehen und festzustellen, dass es nicht immer ferne Destinationen sein m\u00fcssen.","og_url":"https:\/\/vianina.com\/blog\/urlaub-am-achensee\/","og_site_name":"Vianina Blog","article_publisher":"https:\/\/www.facebook.com\/vianinacitymaps\/","article_published_time":"2020-08-05T06:00:00+00:00","article_modified_time":"2024-09-22T12:58:36+00:00","og_image":[{"width":1260,"height":800,"url":"https:\/\/vianina.com\/blog\/wp-content\/uploads\/Vianina-Hymer-Fiat-Eriba-Achensee.jpg","type":"image\/jpeg"}],"author":"Nina Wilsmann","twitter_card":"summary_large_image","twitter_misc":{"Verfasst von":"Nina Wilsmann","Gesch\u00e4tzte Lesezeit":"3\u00a0Minuten"},"schema":{"@context":"https:\/\/schema.org","@graph":[{"@type":"Article","@id":"https:\/\/vianina.com\/blog\/urlaub-am-achensee\/#article","isPartOf":{"@id":"https:\/\/vianina.com\/blog\/urlaub-am-achensee\/"},"author":{"name":"Nina Wilsmann","@id":"https:\/\/vianina.com\/blog\/#\/schema\/person\/7366472c14acd3ca80c820ff42b92c8d"},"headline":"Urlaub am Achensee","datePublished":"2020-08-05T06:00:00+00:00","dateModified":"2024-09-22T12:58:36+00:00","mainEntityOfPage":{"@id":"https:\/\/vianina.com\/blog\/urlaub-am-achensee\/"},"wordCount":325,"publisher":{"@id":"https:\/\/vianina.com\/blog\/#organization"},"image":{"@id":"https:\/\/vianina.com\/blog\/urlaub-am-achensee\/#primaryimage"},"thumbnailUrl":"https:\/\/vianina.com\/blog\/wp-content\/uploads\/Vianina-Hymer-Fiat-Eriba-Achensee.jpg","inLanguage":"de"},{"@type":"WebPage","@id":"https:\/\/vianina.com\/blog\/urlaub-am-achensee\/","url":"https:\/\/vianina.com\/blog\/urlaub-am-achensee\/","name":"Urlaub am Achensee - Vianina Blog","isPartOf":{"@id":"https:\/\/vianina.com\/blog\/#website"},"primaryImageOfPage":{"@id":"https:\/\/vianina.com\/blog\/urlaub-am-achensee\/#primaryimage"},"image":{"@id":"https:\/\/vianina.com\/blog\/urlaub-am-achensee\/#primaryimage"},"thumbnailUrl":"https:\/\/vianina.com\/blog\/wp-content\/uploads\/Vianina-Hymer-Fiat-Eriba-Achensee.jpg","datePublished":"2020-08-05T06:00:00+00:00","dateModified":"2024-09-22T12:58:36+00:00","breadcrumb":{"@id":"https:\/\/vianina.com\/blog\/urlaub-am-achensee\/#breadcrumb"},"inLanguage":"de","potentialAction":[{"@type":"ReadAction","target":["https:\/\/vianina.com\/blog\/urlaub-am-achensee\/"]}]},{"@type":"ImageObject","inLanguage":"de","@id":"https:\/\/vianina.com\/blog\/urlaub-am-achensee\/#primaryimage","url":"https:\/\/vianina.com\/blog\/wp-content\/uploads\/Vianina-Hymer-Fiat-Eriba-Achensee.jpg","contentUrl":"https:\/\/vianina.com\/blog\/wp-content\/uploads\/Vianina-Hymer-Fiat-Eriba-Achensee.jpg","width":1260,"height":800},{"@type":"BreadcrumbList","@id":"https:\/\/vianina.com\/blog\/urlaub-am-achensee\/#breadcrumb","itemListElement":[{"@type":"ListItem","position":1,"name":"Startseite","item":"https:\/\/vianina.com\/blog\/"},{"@type":"ListItem","position":2,"name":"Urlaub am Achensee"}]},{"@type":"WebSite","@id":"https:\/\/vianina.com\/blog\/#website","url":"https:\/\/vianina.com\/blog\/","name":"Vianina Blog","description":"Maps to the heart","publisher":{"@id":"https:\/\/vianina.com\/blog\/#organization"},"alternateName":"Maps to the heart","potentialAction":[{"@type":"SearchAction","target":{"@type":"EntryPoint","urlTemplate":"https:\/\/vianina.com\/blog\/?s={search_term_string}"},"query-input":{"@type":"PropertyValueSpecification","valueRequired":true,"valueName":"search_term_string"}}],"inLanguage":"de"},{"@type":"Organization","@id":"https:\/\/vianina.com\/blog\/#organization","name":"Vianina Blog","alternateName":"Maps to the heart","url":"https:\/\/vianina.com\/blog\/","logo":{"@type":"ImageObject","inLanguage":"de","@id":"https:\/\/vianina.com\/blog\/#\/schema\/logo\/image\/","url":"https:\/\/vianina.com\/blog\/wp-content\/uploads\/vianina-logo.svg","contentUrl":"https:\/\/vianina.com\/blog\/wp-content\/uploads\/vianina-logo.svg","width":"1024","height":"1024","caption":"Vianina Blog"},"image":{"@id":"https:\/\/vianina.com\/blog\/#\/schema\/logo\/image\/"},"sameAs":["https:\/\/www.facebook.com\/vianinacitymaps\/","https:\/\/www.instagram.com\/vianinacitymaps\/"]},{"@type":"Person","@id":"https:\/\/vianina.com\/blog\/#\/schema\/person\/7366472c14acd3ca80c820ff42b92c8d","name":"Nina Wilsmann","image":{"@type":"ImageObject","inLanguage":"de","@id":"https:\/\/vianina.com\/blog\/#\/schema\/person\/image\/","url":"https:\/\/secure.gravatar.com\/avatar\/652e1c0af8c917552325f80b970bb9ade407b38fa99aff015b98bda58d1fa710?s=96&d=mm&r=g","contentUrl":"https:\/\/secure.gravatar.com\/avatar\/652e1c0af8c917552325f80b970bb9ade407b38fa99aff015b98bda58d1fa710?s=96&d=mm&r=g","caption":"Nina Wilsmann"},"sameAs":["http:\/\/vianina.com"],"url":"https:\/\/vianina.com\/blog\/author\/hellovianina-com\/"}]}},"_links":{"self":[{"href":"https:\/\/vianina.com\/blog\/wp-json\/wp\/v2\/posts\/79","targetHints":{"allow":["GET"]}}],"collection":[{"href":"https:\/\/vianina.com\/blog\/wp-json\/wp\/v2\/posts"}],"about":[{"href":"https:\/\/vianina.com\/blog\/wp-json\/wp\/v2\/types\/post"}],"author":[{"embeddable":true,"href":"https:\/\/vianina.com\/blog\/wp-json\/wp\/v2\/users\/2"}],"replies":[{"embeddable":true,"href":"https:\/\/vianina.com\/blog\/wp-json\/wp\/v2\/comments?post=79"}],"version-history":[{"count":2,"href":"https:\/\/vianina.com\/blog\/wp-json\/wp\/v2\/posts\/79\/revisions"}],"predecessor-version":[{"id":1069,"href":"https:\/\/vianina.com\/blog\/wp-json\/wp\/v2\/posts\/79\/revisions\/1069"}],"wp:featuredmedia":[{"embeddable":true,"href":"https:\/\/vianina.com\/blog\/wp-json\/wp\/v2\/media\/381"}],"wp:attachment":[{"href":"https:\/\/vianina.com\/blog\/wp-json\/wp\/v2\/media?parent=79"}],"wp:term":[{"taxonomy":"category","embeddable":true,"href":"https:\/\/vianina.com\/blog\/wp-json\/wp\/v2\/categories?post=79"},{"taxonomy":"post_tag","embeddable":true,"href":"https:\/\/vianina.com\/blog\/wp-json\/wp\/v2\/tags?post=79"}],"curies":[{"name":"wp","href":"https:\/\/api.w.org\/{rel}","templated":true}]}}