{"id":83,"date":"2020-11-11T12:30:00","date_gmt":"2020-11-11T11:30:00","guid":{"rendered":"https:\/\/wp.vianina.com\/2020\/11\/11\/zuerich-meine-erste-schweizer-stadt\/"},"modified":"2024-09-22T14:44:48","modified_gmt":"2024-09-22T12:44:48","slug":"zuerich-meine-erste-schweizer-stadt","status":"publish","type":"post","link":"https:\/\/vianina.com\/blog\/zuerich-meine-erste-schweizer-stadt\/","title":{"rendered":"Z\u00fcrich \u2013 meine erste schweizer Stadt"},"content":{"rendered":"\n<p><big>Seitdem ich im Design-Studium das erste Mal davon geh\u00f6rt habe bin ich ein gro\u00dfer Fan von Schweizer Design. Es ist wie es das Z\u00fcricher Museum f\u00fcr Gestaltung beschreibt \u201eehrlich, pr\u00e4zise, unaufgeregt und benutzerfreundlich\u201d.<\/big><\/p>\n\n\n\n<p>Es ist von hoher Qualit\u00e4t, funktional und zeitlos \u2013 drei Eigenschaften, die mir bei meinen Illustrationen auch wichtig sind.<\/p>\n\n\n\n<p>Mein Z\u00fcrich Stadtplan ist eine kleine Hommage an die gro\u00dfe Schule des schweizer Grafikdesigns. Denn meine Stadtkarten sind ja nicht nur plakativ &amp; dekorativ, sondern auch informativ und laden zum spielerischen Lernen &amp; Entdecken ein. Sie wirken auf den ersten Blick sehr verspielt, sind dabei aber sehr pr\u00e4zise und funktional. Paul Rand, der ja ein Amerikaner war und kein Schweizer, aber eben das Schweizer Design aufgriff und virtuos f\u00fcr Firmen wie IBM, UPS und ABC gestaltete, ist f\u00fcr mich ein gro\u00dfes Vorbild, wie auch&nbsp;Josef M\u00fcller-Brockmann und&nbsp;Richard Paul Lohse.&nbsp;<\/p>\n\n\n\n<p>Auch die Farbgebung soll auch an diese gro\u00dfe Zeit des Swiss Style in den 60er Jahren erinnern.&nbsp;<\/p>\n\n\n\n<p>Das Plakat mit dem Z\u00fcrich-Motiv enth\u00e4lt unter anderem die Sehensw\u00fcrdigkeiten Grossm\u00fcnster, Fraum\u00fcnster, Z\u00fcrichsee, Kunsthaus Z\u00fcrich, Schweizerisches Nationalmuseum, Opernhaus Z\u00fcrich, UBS Polybahn, Urania-Sternwarte Z\u00fcrich, u.v.m.<\/p>\n\n\n\n<p>&nbsp;<\/p>\n\n\n\n<figure class=\"wp-block-image size-large\"><img loading=\"lazy\" decoding=\"async\" width=\"1024\" height=\"650\" src=\"https:\/\/vianina.com\/blog\/wp-content\/uploads\/Vianina-Stadtplan-Zuerich-1024x650.jpg\" alt=\"\" class=\"wp-image-454\" srcset=\"https:\/\/vianina.com\/blog\/wp-content\/uploads\/Vianina-Stadtplan-Zuerich-1024x650.jpg 1024w, https:\/\/vianina.com\/blog\/wp-content\/uploads\/Vianina-Stadtplan-Zuerich-300x190.jpg 300w, https:\/\/vianina.com\/blog\/wp-content\/uploads\/Vianina-Stadtplan-Zuerich-768x488.jpg 768w, https:\/\/vianina.com\/blog\/wp-content\/uploads\/Vianina-Stadtplan-Zuerich.jpg 1260w\" sizes=\"auto, (max-width: 1024px) 100vw, 1024px\" \/><\/figure>\n\n\n\n<p>&nbsp;<\/p>\n","protected":false},"excerpt":{"rendered":"<p>Seitdem ich im Design-Studium das erste Mal davon geh\u00f6rt habe bin ich ein gro\u00dfer Fan von Schweizer Design. Es ist wie es das Z\u00fcricher Museum f\u00fcr Gestaltung beschreibt \u201eehrlich, pr\u00e4zise, unaufgeregt und benutzerfreundlich\u201d. Es ist von hoher Qualit\u00e4t, funktional und zeitlos \u2013 drei Eigenschaften, die mir bei meinen Illustrationen auch wichtig sind.<\/p>\n","protected":false},"author":2,"featured_media":454,"comment_status":"closed","ping_status":"open","sticky":false,"template":"","format":"standard","meta":{"inline_featured_image":false,"footnotes":""},"categories":[1],"tags":[],"class_list":["post-83","post","type-post","status-publish","format-standard","has-post-thumbnail","hentry","category-allgemein"],"yoast_head":"<!-- This site is optimized with the Yoast SEO plugin v24.5 - https:\/\/yoast.com\/wordpress\/plugins\/seo\/ -->\n<title>Z\u00fcrich \u2013 meine erste schweizer Stadt - Vianina Blog<\/title>\n<meta name=\"robots\" content=\"index, follow, max-snippet:-1, max-image-preview:large, max-video-preview:-1\" \/>\n<link rel=\"canonical\" href=\"https:\/\/vianina.com\/blog\/zuerich-meine-erste-schweizer-stadt\/\" \/>\n<meta property=\"og:locale\" content=\"de_DE\" \/>\n<meta property=\"og:type\" content=\"article\" \/>\n<meta property=\"og:title\" content=\"Z\u00fcrich \u2013 meine erste schweizer Stadt - Vianina Blog\" \/>\n<meta property=\"og:description\" content=\"Seitdem ich im Design-Studium das erste Mal davon geh\u00f6rt habe bin ich ein gro\u00dfer Fan von Schweizer Design. Es ist wie es das Z\u00fcricher Museum f\u00fcr Gestaltung beschreibt \u201eehrlich, pr\u00e4zise, unaufgeregt und benutzerfreundlich\u201d. Es ist von hoher Qualit\u00e4t, funktional und zeitlos \u2013 drei Eigenschaften, die mir bei meinen Illustrationen auch wichtig sind.\" \/>\n<meta property=\"og:url\" content=\"https:\/\/vianina.com\/blog\/zuerich-meine-erste-schweizer-stadt\/\" \/>\n<meta property=\"og:site_name\" content=\"Vianina Blog\" \/>\n<meta property=\"article:publisher\" content=\"https:\/\/www.facebook.com\/vianinacitymaps\/\" \/>\n<meta property=\"article:published_time\" content=\"2020-11-11T11:30:00+00:00\" \/>\n<meta property=\"article:modified_time\" content=\"2024-09-22T12:44:48+00:00\" \/>\n<meta property=\"og:image\" content=\"https:\/\/vianina.com\/blog\/wp-content\/uploads\/Vianina-Stadtplan-Zuerich.jpg\" \/>\n\t<meta property=\"og:image:width\" content=\"1260\" \/>\n\t<meta property=\"og:image:height\" content=\"800\" \/>\n\t<meta property=\"og:image:type\" content=\"image\/jpeg\" \/>\n<meta name=\"author\" content=\"Nina Wilsmann\" \/>\n<meta name=\"twitter:card\" content=\"summary_large_image\" \/>\n<meta name=\"twitter:label1\" content=\"Verfasst von\" \/>\n\t<meta name=\"twitter:data1\" content=\"Nina Wilsmann\" \/>\n\t<meta name=\"twitter:label2\" content=\"Gesch\u00e4tzte Lesezeit\" \/>\n\t<meta name=\"twitter:data2\" content=\"2\u00a0Minuten\" \/>\n<script type=\"application\/ld+json\" class=\"yoast-schema-graph\">{\"@context\":\"https:\/\/schema.org\",\"@graph\":[{\"@type\":\"Article\",\"@id\":\"https:\/\/vianina.com\/blog\/zuerich-meine-erste-schweizer-stadt\/#article\",\"isPartOf\":{\"@id\":\"https:\/\/vianina.com\/blog\/zuerich-meine-erste-schweizer-stadt\/\"},\"author\":{\"name\":\"Nina Wilsmann\",\"@id\":\"https:\/\/vianina.com\/blog\/#\/schema\/person\/7366472c14acd3ca80c820ff42b92c8d\"},\"headline\":\"Z\u00fcrich \u2013 meine erste schweizer Stadt\",\"datePublished\":\"2020-11-11T11:30:00+00:00\",\"dateModified\":\"2024-09-22T12:44:48+00:00\",\"mainEntityOfPage\":{\"@id\":\"https:\/\/vianina.com\/blog\/zuerich-meine-erste-schweizer-stadt\/\"},\"wordCount\":219,\"publisher\":{\"@id\":\"https:\/\/vianina.com\/blog\/#organization\"},\"image\":{\"@id\":\"https:\/\/vianina.com\/blog\/zuerich-meine-erste-schweizer-stadt\/#primaryimage\"},\"thumbnailUrl\":\"https:\/\/vianina.com\/blog\/wp-content\/uploads\/Vianina-Stadtplan-Zuerich.jpg\",\"inLanguage\":\"de\"},{\"@type\":\"WebPage\",\"@id\":\"https:\/\/vianina.com\/blog\/zuerich-meine-erste-schweizer-stadt\/\",\"url\":\"https:\/\/vianina.com\/blog\/zuerich-meine-erste-schweizer-stadt\/\",\"name\":\"Z\u00fcrich \u2013 meine erste schweizer Stadt - Vianina Blog\",\"isPartOf\":{\"@id\":\"https:\/\/vianina.com\/blog\/#website\"},\"primaryImageOfPage\":{\"@id\":\"https:\/\/vianina.com\/blog\/zuerich-meine-erste-schweizer-stadt\/#primaryimage\"},\"image\":{\"@id\":\"https:\/\/vianina.com\/blog\/zuerich-meine-erste-schweizer-stadt\/#primaryimage\"},\"thumbnailUrl\":\"https:\/\/vianina.com\/blog\/wp-content\/uploads\/Vianina-Stadtplan-Zuerich.jpg\",\"datePublished\":\"2020-11-11T11:30:00+00:00\",\"dateModified\":\"2024-09-22T12:44:48+00:00\",\"breadcrumb\":{\"@id\":\"https:\/\/vianina.com\/blog\/zuerich-meine-erste-schweizer-stadt\/#breadcrumb\"},\"inLanguage\":\"de\",\"potentialAction\":[{\"@type\":\"ReadAction\",\"target\":[\"https:\/\/vianina.com\/blog\/zuerich-meine-erste-schweizer-stadt\/\"]}]},{\"@type\":\"ImageObject\",\"inLanguage\":\"de\",\"@id\":\"https:\/\/vianina.com\/blog\/zuerich-meine-erste-schweizer-stadt\/#primaryimage\",\"url\":\"https:\/\/vianina.com\/blog\/wp-content\/uploads\/Vianina-Stadtplan-Zuerich.jpg\",\"contentUrl\":\"https:\/\/vianina.com\/blog\/wp-content\/uploads\/Vianina-Stadtplan-Zuerich.jpg\",\"width\":1260,\"height\":800},{\"@type\":\"BreadcrumbList\",\"@id\":\"https:\/\/vianina.com\/blog\/zuerich-meine-erste-schweizer-stadt\/#breadcrumb\",\"itemListElement\":[{\"@type\":\"ListItem\",\"position\":1,\"name\":\"Startseite\",\"item\":\"https:\/\/vianina.com\/blog\/\"},{\"@type\":\"ListItem\",\"position\":2,\"name\":\"Z\u00fcrich \u2013 meine erste schweizer Stadt\"}]},{\"@type\":\"WebSite\",\"@id\":\"https:\/\/vianina.com\/blog\/#website\",\"url\":\"https:\/\/vianina.com\/blog\/\",\"name\":\"Vianina Blog\",\"description\":\"Maps to the heart\",\"publisher\":{\"@id\":\"https:\/\/vianina.com\/blog\/#organization\"},\"alternateName\":\"Maps to the heart\",\"potentialAction\":[{\"@type\":\"SearchAction\",\"target\":{\"@type\":\"EntryPoint\",\"urlTemplate\":\"https:\/\/vianina.com\/blog\/?s={search_term_string}\"},\"query-input\":{\"@type\":\"PropertyValueSpecification\",\"valueRequired\":true,\"valueName\":\"search_term_string\"}}],\"inLanguage\":\"de\"},{\"@type\":\"Organization\",\"@id\":\"https:\/\/vianina.com\/blog\/#organization\",\"name\":\"Vianina Blog\",\"alternateName\":\"Maps to the heart\",\"url\":\"https:\/\/vianina.com\/blog\/\",\"logo\":{\"@type\":\"ImageObject\",\"inLanguage\":\"de\",\"@id\":\"https:\/\/vianina.com\/blog\/#\/schema\/logo\/image\/\",\"url\":\"https:\/\/vianina.com\/blog\/wp-content\/uploads\/vianina-logo.svg\",\"contentUrl\":\"https:\/\/vianina.com\/blog\/wp-content\/uploads\/vianina-logo.svg\",\"width\":\"1024\",\"height\":\"1024\",\"caption\":\"Vianina Blog\"},\"image\":{\"@id\":\"https:\/\/vianina.com\/blog\/#\/schema\/logo\/image\/\"},\"sameAs\":[\"https:\/\/www.facebook.com\/vianinacitymaps\/\",\"https:\/\/www.instagram.com\/vianinacitymaps\/\"]},{\"@type\":\"Person\",\"@id\":\"https:\/\/vianina.com\/blog\/#\/schema\/person\/7366472c14acd3ca80c820ff42b92c8d\",\"name\":\"Nina Wilsmann\",\"image\":{\"@type\":\"ImageObject\",\"inLanguage\":\"de\",\"@id\":\"https:\/\/vianina.com\/blog\/#\/schema\/person\/image\/\",\"url\":\"https:\/\/secure.gravatar.com\/avatar\/652e1c0af8c917552325f80b970bb9ade407b38fa99aff015b98bda58d1fa710?s=96&d=mm&r=g\",\"contentUrl\":\"https:\/\/secure.gravatar.com\/avatar\/652e1c0af8c917552325f80b970bb9ade407b38fa99aff015b98bda58d1fa710?s=96&d=mm&r=g\",\"caption\":\"Nina Wilsmann\"},\"sameAs\":[\"http:\/\/vianina.com\"],\"url\":\"https:\/\/vianina.com\/blog\/author\/hellovianina-com\/\"}]}<\/script>\n<!-- \/ Yoast SEO plugin. -->","yoast_head_json":{"title":"Z\u00fcrich \u2013 meine erste schweizer Stadt - Vianina Blog","robots":{"index":"index","follow":"follow","max-snippet":"max-snippet:-1","max-image-preview":"max-image-preview:large","max-video-preview":"max-video-preview:-1"},"canonical":"https:\/\/vianina.com\/blog\/zuerich-meine-erste-schweizer-stadt\/","og_locale":"de_DE","og_type":"article","og_title":"Z\u00fcrich \u2013 meine erste schweizer Stadt - Vianina Blog","og_description":"Seitdem ich im Design-Studium das erste Mal davon geh\u00f6rt habe bin ich ein gro\u00dfer Fan von Schweizer Design. Es ist wie es das Z\u00fcricher Museum f\u00fcr Gestaltung beschreibt \u201eehrlich, pr\u00e4zise, unaufgeregt und benutzerfreundlich\u201d. Es ist von hoher Qualit\u00e4t, funktional und zeitlos \u2013 drei Eigenschaften, die mir bei meinen Illustrationen auch wichtig sind.","og_url":"https:\/\/vianina.com\/blog\/zuerich-meine-erste-schweizer-stadt\/","og_site_name":"Vianina Blog","article_publisher":"https:\/\/www.facebook.com\/vianinacitymaps\/","article_published_time":"2020-11-11T11:30:00+00:00","article_modified_time":"2024-09-22T12:44:48+00:00","og_image":[{"width":1260,"height":800,"url":"https:\/\/vianina.com\/blog\/wp-content\/uploads\/Vianina-Stadtplan-Zuerich.jpg","type":"image\/jpeg"}],"author":"Nina Wilsmann","twitter_card":"summary_large_image","twitter_misc":{"Verfasst von":"Nina Wilsmann","Gesch\u00e4tzte Lesezeit":"2\u00a0Minuten"},"schema":{"@context":"https:\/\/schema.org","@graph":[{"@type":"Article","@id":"https:\/\/vianina.com\/blog\/zuerich-meine-erste-schweizer-stadt\/#article","isPartOf":{"@id":"https:\/\/vianina.com\/blog\/zuerich-meine-erste-schweizer-stadt\/"},"author":{"name":"Nina Wilsmann","@id":"https:\/\/vianina.com\/blog\/#\/schema\/person\/7366472c14acd3ca80c820ff42b92c8d"},"headline":"Z\u00fcrich \u2013 meine erste schweizer Stadt","datePublished":"2020-11-11T11:30:00+00:00","dateModified":"2024-09-22T12:44:48+00:00","mainEntityOfPage":{"@id":"https:\/\/vianina.com\/blog\/zuerich-meine-erste-schweizer-stadt\/"},"wordCount":219,"publisher":{"@id":"https:\/\/vianina.com\/blog\/#organization"},"image":{"@id":"https:\/\/vianina.com\/blog\/zuerich-meine-erste-schweizer-stadt\/#primaryimage"},"thumbnailUrl":"https:\/\/vianina.com\/blog\/wp-content\/uploads\/Vianina-Stadtplan-Zuerich.jpg","inLanguage":"de"},{"@type":"WebPage","@id":"https:\/\/vianina.com\/blog\/zuerich-meine-erste-schweizer-stadt\/","url":"https:\/\/vianina.com\/blog\/zuerich-meine-erste-schweizer-stadt\/","name":"Z\u00fcrich \u2013 meine erste schweizer Stadt - Vianina Blog","isPartOf":{"@id":"https:\/\/vianina.com\/blog\/#website"},"primaryImageOfPage":{"@id":"https:\/\/vianina.com\/blog\/zuerich-meine-erste-schweizer-stadt\/#primaryimage"},"image":{"@id":"https:\/\/vianina.com\/blog\/zuerich-meine-erste-schweizer-stadt\/#primaryimage"},"thumbnailUrl":"https:\/\/vianina.com\/blog\/wp-content\/uploads\/Vianina-Stadtplan-Zuerich.jpg","datePublished":"2020-11-11T11:30:00+00:00","dateModified":"2024-09-22T12:44:48+00:00","breadcrumb":{"@id":"https:\/\/vianina.com\/blog\/zuerich-meine-erste-schweizer-stadt\/#breadcrumb"},"inLanguage":"de","potentialAction":[{"@type":"ReadAction","target":["https:\/\/vianina.com\/blog\/zuerich-meine-erste-schweizer-stadt\/"]}]},{"@type":"ImageObject","inLanguage":"de","@id":"https:\/\/vianina.com\/blog\/zuerich-meine-erste-schweizer-stadt\/#primaryimage","url":"https:\/\/vianina.com\/blog\/wp-content\/uploads\/Vianina-Stadtplan-Zuerich.jpg","contentUrl":"https:\/\/vianina.com\/blog\/wp-content\/uploads\/Vianina-Stadtplan-Zuerich.jpg","width":1260,"height":800},{"@type":"BreadcrumbList","@id":"https:\/\/vianina.com\/blog\/zuerich-meine-erste-schweizer-stadt\/#breadcrumb","itemListElement":[{"@type":"ListItem","position":1,"name":"Startseite","item":"https:\/\/vianina.com\/blog\/"},{"@type":"ListItem","position":2,"name":"Z\u00fcrich \u2013 meine erste schweizer Stadt"}]},{"@type":"WebSite","@id":"https:\/\/vianina.com\/blog\/#website","url":"https:\/\/vianina.com\/blog\/","name":"Vianina Blog","description":"Maps to the heart","publisher":{"@id":"https:\/\/vianina.com\/blog\/#organization"},"alternateName":"Maps to the heart","potentialAction":[{"@type":"SearchAction","target":{"@type":"EntryPoint","urlTemplate":"https:\/\/vianina.com\/blog\/?s={search_term_string}"},"query-input":{"@type":"PropertyValueSpecification","valueRequired":true,"valueName":"search_term_string"}}],"inLanguage":"de"},{"@type":"Organization","@id":"https:\/\/vianina.com\/blog\/#organization","name":"Vianina Blog","alternateName":"Maps to the heart","url":"https:\/\/vianina.com\/blog\/","logo":{"@type":"ImageObject","inLanguage":"de","@id":"https:\/\/vianina.com\/blog\/#\/schema\/logo\/image\/","url":"https:\/\/vianina.com\/blog\/wp-content\/uploads\/vianina-logo.svg","contentUrl":"https:\/\/vianina.com\/blog\/wp-content\/uploads\/vianina-logo.svg","width":"1024","height":"1024","caption":"Vianina Blog"},"image":{"@id":"https:\/\/vianina.com\/blog\/#\/schema\/logo\/image\/"},"sameAs":["https:\/\/www.facebook.com\/vianinacitymaps\/","https:\/\/www.instagram.com\/vianinacitymaps\/"]},{"@type":"Person","@id":"https:\/\/vianina.com\/blog\/#\/schema\/person\/7366472c14acd3ca80c820ff42b92c8d","name":"Nina Wilsmann","image":{"@type":"ImageObject","inLanguage":"de","@id":"https:\/\/vianina.com\/blog\/#\/schema\/person\/image\/","url":"https:\/\/secure.gravatar.com\/avatar\/652e1c0af8c917552325f80b970bb9ade407b38fa99aff015b98bda58d1fa710?s=96&d=mm&r=g","contentUrl":"https:\/\/secure.gravatar.com\/avatar\/652e1c0af8c917552325f80b970bb9ade407b38fa99aff015b98bda58d1fa710?s=96&d=mm&r=g","caption":"Nina Wilsmann"},"sameAs":["http:\/\/vianina.com"],"url":"https:\/\/vianina.com\/blog\/author\/hellovianina-com\/"}]}},"_links":{"self":[{"href":"https:\/\/vianina.com\/blog\/wp-json\/wp\/v2\/posts\/83","targetHints":{"allow":["GET"]}}],"collection":[{"href":"https:\/\/vianina.com\/blog\/wp-json\/wp\/v2\/posts"}],"about":[{"href":"https:\/\/vianina.com\/blog\/wp-json\/wp\/v2\/types\/post"}],"author":[{"embeddable":true,"href":"https:\/\/vianina.com\/blog\/wp-json\/wp\/v2\/users\/2"}],"replies":[{"embeddable":true,"href":"https:\/\/vianina.com\/blog\/wp-json\/wp\/v2\/comments?post=83"}],"version-history":[{"count":2,"href":"https:\/\/vianina.com\/blog\/wp-json\/wp\/v2\/posts\/83\/revisions"}],"predecessor-version":[{"id":1057,"href":"https:\/\/vianina.com\/blog\/wp-json\/wp\/v2\/posts\/83\/revisions\/1057"}],"wp:featuredmedia":[{"embeddable":true,"href":"https:\/\/vianina.com\/blog\/wp-json\/wp\/v2\/media\/454"}],"wp:attachment":[{"href":"https:\/\/vianina.com\/blog\/wp-json\/wp\/v2\/media?parent=83"}],"wp:term":[{"taxonomy":"category","embeddable":true,"href":"https:\/\/vianina.com\/blog\/wp-json\/wp\/v2\/categories?post=83"},{"taxonomy":"post_tag","embeddable":true,"href":"https:\/\/vianina.com\/blog\/wp-json\/wp\/v2\/tags?post=83"}],"curies":[{"name":"wp","href":"https:\/\/api.w.org\/{rel}","templated":true}]}}