{"id":93,"date":"2021-08-28T09:30:00","date_gmt":"2021-08-28T07:30:00","guid":{"rendered":"https:\/\/wp.vianina.com\/2021\/08\/28\/vanlife-an-frankreichs-westkueste\/"},"modified":"2024-09-22T14:34:28","modified_gmt":"2024-09-22T12:34:28","slug":"vanlife-an-frankreichs-westkueste","status":"publish","type":"post","link":"https:\/\/vianina.com\/blog\/vanlife-an-frankreichs-westkueste\/","title":{"rendered":"Vanlife an Frankreichs Westk\u00fcste"},"content":{"rendered":"\n<p><big>Wenn jemand eine Reise tut, so kann er was erz\u00e4hlen.<big><\/big><\/big><\/p>\n\n\n\n<p>Das Zitat stammt von&nbsp;Matthias Claudius (1740-1815) und beschreibt unseren Trip mit einem 30 Jahre alten Hymer-Wohnmobil diesen Sommer recht gut. Das eigentliche Ziel war gar nicht Frankreichs Westk\u00fcste, sondern Spaniens Nordk\u00fcste, genauer gesagt Galicien, aber davon ein anderes Mal.<\/p>\n\n\n\n<p>&nbsp;<\/p>\n\n\n\n<figure class=\"wp-block-image size-large\"><img loading=\"lazy\" decoding=\"async\" width=\"1024\" height=\"650\" src=\"https:\/\/vianina.com\/blog\/wp-content\/uploads\/Vianina-Frankreich-Arcachon-1024x650.jpg\" alt=\"\" class=\"wp-image-904\" srcset=\"https:\/\/vianina.com\/blog\/wp-content\/uploads\/Vianina-Frankreich-Arcachon-1024x650.jpg 1024w, https:\/\/vianina.com\/blog\/wp-content\/uploads\/Vianina-Frankreich-Arcachon-300x190.jpg 300w, https:\/\/vianina.com\/blog\/wp-content\/uploads\/Vianina-Frankreich-Arcachon-768x488.jpg 768w, https:\/\/vianina.com\/blog\/wp-content\/uploads\/Vianina-Frankreich-Arcachon.jpg 1260w\" sizes=\"auto, (max-width: 1024px) 100vw, 1024px\" \/><\/figure>\n\n\n\n<p><big><br>Hattest Du schon mal eine Autopanne in Frankreich? Ich hoffe nicht!!!<big><\/big><\/big><\/p>\n\n\n\n<p>Was Du dazu brauchst sind ein paar Franz\u00f6sischkentnisse, echt starke Nerven, etwas \u00f6fter Google Translate und am Besten bist Du nicht zur Hauptreisezeit im Sommer unterwegs. Mein Schulfranz\u00f6sisch musste ich dazu erstmal entstauben und aus irgendwelchen versch\u00fctteten Tunneln in meinem Hirn herausholen, Wort f\u00fcr Wort, Satz f\u00fcr Satz, wobei Worte wie Kupplung und Getriebe da auch nicht zu finden waren.&nbsp;<\/p>\n\n\n\n<figure class=\"wp-block-image size-large\"><img loading=\"lazy\" decoding=\"async\" width=\"1024\" height=\"650\" src=\"https:\/\/vianina.com\/blog\/wp-content\/uploads\/Vianina-Frankreich-Autopanne-1024x650.jpg\" alt=\"\" class=\"wp-image-905\" srcset=\"https:\/\/vianina.com\/blog\/wp-content\/uploads\/Vianina-Frankreich-Autopanne-1024x650.jpg 1024w, https:\/\/vianina.com\/blog\/wp-content\/uploads\/Vianina-Frankreich-Autopanne-300x190.jpg 300w, https:\/\/vianina.com\/blog\/wp-content\/uploads\/Vianina-Frankreich-Autopanne-768x488.jpg 768w, https:\/\/vianina.com\/blog\/wp-content\/uploads\/Vianina-Frankreich-Autopanne.jpg 1260w\" sizes=\"auto, (max-width: 1024px) 100vw, 1024px\" \/><\/figure>\n\n\n\n<p>Um konkreter zu werden, der 30 Jahre alte Van, den ich von meiner Tante geerbt habe, hatte nach einer Fahrt durch \u00d6sterreich, die Schweiz &amp; Frankreich bis an die&nbsp;Dune du Pilat \u2013 die h\u00f6chste Wanderd\u00fcne Europas an der Atlantikk\u00fcste bei Arcachon, nahe Bordeaux \u2013 erstmal genug und wir sind im wahrsten Sinn des Wortes mit Ach und Krach gerade noch so an einen wundersch\u00f6nen Strand gerollt. Dieser hie\u00df Le Petit Nice und hat uns in den n\u00e4chsten Woche samt dem kaputten Bus beherbergt.<\/p>\n\n\n\n<p><big>Gl\u00fcck im Ungl\u00fcck nennt man das glaub ich, denn wir h\u00e4tten auch auf der Autobahn stranden k\u00f6nnen und nicht am Strand.<\/big><\/p>\n\n\n\n<p>Mit einigen Telefonaten in meinem radebrechenden Franz\u00f6sisch haben wir letztendlich eine Werkstatt gefunden, die bereit war sich unser anzunehmen. Die meisten anderen Werkst\u00e4tten erz\u00e4hlten etwas von \u00abquinze jours\u00bb (15 Tage) oder \u00abtrois semaines\u00bb (3 Wochen) oder einfach \u00abNon possible\u00bb.<\/p>\n\n\n\n<p>Der Bus wurde dank unserer Schutzbrief-Mitgliedschaft beim \u00f6sterreichischen Automobilclub vom Strand zur Werkstatt geschleppt und tats\u00e4chlich handelte es sich um einen Getriebeschaden, der uns f\u00fcr weitere 3 Wochen an Frankreich, genauer gesagt Aquitanien fesselte, obwohl das \u00fcberhaupt nicht unser Plan gewesen war. Wir hatten urspr\u00fcnglich eher drei franz\u00f6sische N\u00e4chte angedacht!<\/p>\n\n\n\n<p>&nbsp;<\/p>\n\n\n\n<figure class=\"wp-block-image size-large\"><img loading=\"lazy\" decoding=\"async\" width=\"1024\" height=\"650\" src=\"https:\/\/vianina.com\/blog\/wp-content\/uploads\/Vianina-Frankreich-DunedePilat-1024x650.jpg\" alt=\"\" class=\"wp-image-908\" srcset=\"https:\/\/vianina.com\/blog\/wp-content\/uploads\/Vianina-Frankreich-DunedePilat-1024x650.jpg 1024w, https:\/\/vianina.com\/blog\/wp-content\/uploads\/Vianina-Frankreich-DunedePilat-300x190.jpg 300w, https:\/\/vianina.com\/blog\/wp-content\/uploads\/Vianina-Frankreich-DunedePilat-768x488.jpg 768w, https:\/\/vianina.com\/blog\/wp-content\/uploads\/Vianina-Frankreich-DunedePilat.jpg 1260w\" sizes=\"auto, (max-width: 1024px) 100vw, 1024px\" \/><\/figure>\n\n\n\n<p><big>Na gut, dann schauen wir uns mal die Gegend an: die DUNE DE PILAT, die h\u00f6chste Wanderd\u00fcne Europas, ist ein riesengro\u00dfer Sandhaufen, den man mittels Leitern oder Stufen erklimmen kann.<\/big><\/p>\n\n\n\n<p>Oben angekommen, gibt&#8217;s haupt\u00e4chlich Sand und die Aussicht aufs Meer und den Strand weiter unten. Das sch\u00f6nste war f\u00fcr mich den Paraglidern zuzusehen, wie sie an der D\u00fcne entlang gleiten und mich im Sand hinunterkullern zu lassen. Achtung Mund und Augen dabei schlie\u00dfen \ud83d\ude09<\/p>\n\n\n\n<p>Einer meiner Lieblingspl\u00e4tze im Bassin d\u2019Arcachon war <strong>Pyla-Sur-Mer<\/strong>, ein wirklich wundersch\u00f6nes Bade\u00f6rtchen nahe der D\u00fcne mit netten Caf\u00e9s, Gesch\u00e4ften und das angrenzende <strong>Ville d&#8217;Hiver<\/strong>, die Winterstadt. Hier ist ein Haus oder eher eine Villa sch\u00f6ner als die Andere. Man kann gut erahnen wie der wohlhabendere Teil der Bev\u00f6lkerung w\u00e4hrend der Jahrhundertwende \u2013 der Belle Epoque \u2013 den Winter dort verbracht hat.&nbsp;<\/p>\n\n\n\n<figure class=\"wp-block-image size-large\"><img loading=\"lazy\" decoding=\"async\" width=\"1024\" height=\"650\" src=\"https:\/\/vianina.com\/blog\/wp-content\/uploads\/Vianina-Frankreich-Vanlife-1024x650.jpg\" alt=\"\" class=\"wp-image-911\" srcset=\"https:\/\/vianina.com\/blog\/wp-content\/uploads\/Vianina-Frankreich-Vanlife-1024x650.jpg 1024w, https:\/\/vianina.com\/blog\/wp-content\/uploads\/Vianina-Frankreich-Vanlife-300x190.jpg 300w, https:\/\/vianina.com\/blog\/wp-content\/uploads\/Vianina-Frankreich-Vanlife-768x488.jpg 768w, https:\/\/vianina.com\/blog\/wp-content\/uploads\/Vianina-Frankreich-Vanlife.jpg 1260w\" sizes=\"auto, (max-width: 1024px) 100vw, 1024px\" \/><\/figure>\n\n\n\n<p>Was ich auch sehr spannend fand: mit welchen Fahrzeugen die franz\u00f6sischen <strong>Vanlifer<\/strong> unterwegs sind. Wir haben Lastw\u00e4gen gesehen, ehemalige Pferdetransporter, alle m\u00f6glichen Wohnmobile aus den letzten Jahrzehnten, umgebaute Feuerwehrautos und einen Jeep mit Holzchalet am Buckel. Ich vermute nicht alle Insassen dieser Fahrzeuge leben ganzj\u00e4hrig darin, aber ein paar wohl doch.&nbsp;<\/p>\n\n\n\n<p>Eine weiteres Zuckerl in der Gegend um <strong>Arcachon<\/strong> ist die Qual der Wahl zwischen Meer und See: Der <strong>Lac de Cazaux<\/strong> und der&nbsp;<strong>Lac de Biscarrosse<\/strong> sind im Gegensatz zum unweit entfernten eher k\u00fchlen Atlantik sehr warm und wer au\u00dferdem hohe Wellen f\u00fcrchtet, ist hier gut aufgehoben. Au\u00dferdem gibt es die M\u00f6glichkeit Kitesurfen zu gehen \u2013 unbedingt notwendig um meinen Mann bei Laune zu halten, insbesondere wenn man wegen eines Getriebeschadens wochenlang festh\u00e4ngt. Meine eigene Laune konnte ich mit einem mehrst\u00fcndigen Ausritt zum See durch einen Pinienwald steigern \ud83d\ude42<\/p>\n\n\n\n<figure class=\"wp-block-image size-large\"><img loading=\"lazy\" decoding=\"async\" width=\"1024\" height=\"650\" src=\"https:\/\/vianina.com\/blog\/wp-content\/uploads\/Vianina-Frankreich-Bicarosse-1024x650.jpg\" alt=\"\" class=\"wp-image-906\" srcset=\"https:\/\/vianina.com\/blog\/wp-content\/uploads\/Vianina-Frankreich-Bicarosse-1024x650.jpg 1024w, https:\/\/vianina.com\/blog\/wp-content\/uploads\/Vianina-Frankreich-Bicarosse-300x190.jpg 300w, https:\/\/vianina.com\/blog\/wp-content\/uploads\/Vianina-Frankreich-Bicarosse-768x488.jpg 768w, https:\/\/vianina.com\/blog\/wp-content\/uploads\/Vianina-Frankreich-Bicarosse.jpg 1260w\" sizes=\"auto, (max-width: 1024px) 100vw, 1024px\" \/><\/figure>\n\n\n\n<p>Sehr pittoresk finde ich in der ganzen Gegend die kleinen Ortschaften, wie zum Beispiel <strong>Parentis-en-Born<\/strong>. Am liebsten steuerten wir dort die <strong>Boulangerie et Patisserie<\/strong>&nbsp;an \u2013 auf deutsch&nbsp;B\u00e4ckerei und Konditorei \u2013 denn die franz\u00f6sischen Backwaren finde ich himmlisch, wirklich. Ob salzig oder s\u00fc\u00df, es schmeckt oft einfach viel zarter als ich es von Zuhause gewohnt bin. Und das f\u00e4ngt schon bei einfachen Croissants oder einem Pain au Chocolat an. Besonders mag ich Tarte au citron meringu\u00e9e (Zitronen Tarte mit Baiser), mmmmmh, tr\u00e9s bon!&nbsp;<\/p>\n\n\n\n<figure class=\"wp-block-image size-large\"><img loading=\"lazy\" decoding=\"async\" width=\"1024\" height=\"650\" src=\"https:\/\/vianina.com\/blog\/wp-content\/uploads\/Vianina-Frankreich-Westkueste-1024x650.jpg\" alt=\"\" class=\"wp-image-912\" srcset=\"https:\/\/vianina.com\/blog\/wp-content\/uploads\/Vianina-Frankreich-Westkueste-1024x650.jpg 1024w, https:\/\/vianina.com\/blog\/wp-content\/uploads\/Vianina-Frankreich-Westkueste-300x190.jpg 300w, https:\/\/vianina.com\/blog\/wp-content\/uploads\/Vianina-Frankreich-Westkueste-768x488.jpg 768w, https:\/\/vianina.com\/blog\/wp-content\/uploads\/Vianina-Frankreich-Westkueste.jpg 1260w\" sizes=\"auto, (max-width: 1024px) 100vw, 1024px\" \/><\/figure>\n\n\n\n<p>Und nicht zu vergessen sind die vielen verschiedenen Str\u00e4nde an der K\u00fcste entlang. An manchen h\u00e4ngt hinten dran ein Strandort wie das quirlige <strong>Mimizan<\/strong> mit vielen Restaurants, Bars und kleinen Shops, andere sind wiederum um einiges abgelegener und nur durch einen Fu\u00dfmarsch zu erreichen wie <strong>la Plage de la Salie-Nord.<\/strong><\/p>\n\n\n\n<figure class=\"wp-block-image size-large\"><img loading=\"lazy\" decoding=\"async\" width=\"1024\" height=\"650\" src=\"https:\/\/vianina.com\/blog\/wp-content\/uploads\/Vianina-Frankreich-PlageSalieNord-1024x650.jpg\" alt=\"\" class=\"wp-image-910\" srcset=\"https:\/\/vianina.com\/blog\/wp-content\/uploads\/Vianina-Frankreich-PlageSalieNord-1024x650.jpg 1024w, https:\/\/vianina.com\/blog\/wp-content\/uploads\/Vianina-Frankreich-PlageSalieNord-300x190.jpg 300w, https:\/\/vianina.com\/blog\/wp-content\/uploads\/Vianina-Frankreich-PlageSalieNord-768x488.jpg 768w, https:\/\/vianina.com\/blog\/wp-content\/uploads\/Vianina-Frankreich-PlageSalieNord.jpg 1260w\" sizes=\"auto, (max-width: 1024px) 100vw, 1024px\" \/><\/figure>\n\n\n\n<p><big><br>Als dann nach Wochen der Getriebeschaden repariert war, sind wir tats\u00e4chlich weiter nach Nordspanien gefahren, aber davon erz\u00e4hl ich dann ein anderes Mal!&nbsp;<\/big><\/p>\n\n\n\n<p>&nbsp;<\/p>\n\n\n\n<figure class=\"wp-block-image size-large\"><img loading=\"lazy\" decoding=\"async\" width=\"1024\" height=\"650\" src=\"https:\/\/vianina.com\/blog\/wp-content\/uploads\/Vianina-Frankreich-Cabreton-1024x650.jpg\" alt=\"\" class=\"wp-image-907\" srcset=\"https:\/\/vianina.com\/blog\/wp-content\/uploads\/Vianina-Frankreich-Cabreton-1024x650.jpg 1024w, https:\/\/vianina.com\/blog\/wp-content\/uploads\/Vianina-Frankreich-Cabreton-300x190.jpg 300w, https:\/\/vianina.com\/blog\/wp-content\/uploads\/Vianina-Frankreich-Cabreton-768x488.jpg 768w, https:\/\/vianina.com\/blog\/wp-content\/uploads\/Vianina-Frankreich-Cabreton.jpg 1260w\" sizes=\"auto, (max-width: 1024px) 100vw, 1024px\" \/><\/figure>\n","protected":false},"excerpt":{"rendered":"<p>Wenn jemand eine Reise tut, so kann er was erz\u00e4hlen. Das Zitat beschreibt unseren Trip mit einem 30 Jahre alten Hymer-Wohnmobil diesen Sommer recht gut und deshalb m\u00f6chte ich nun davon berichten.<\/p>\n","protected":false},"author":2,"featured_media":910,"comment_status":"closed","ping_status":"open","sticky":false,"template":"","format":"standard","meta":{"inline_featured_image":false,"footnotes":""},"categories":[1],"tags":[],"class_list":["post-93","post","type-post","status-publish","format-standard","has-post-thumbnail","hentry","category-allgemein"],"yoast_head":"<!-- This site is optimized with the Yoast SEO plugin v24.5 - https:\/\/yoast.com\/wordpress\/plugins\/seo\/ -->\n<title>Vanlife an Frankreichs Westk\u00fcste - Vianina Blog<\/title>\n<meta name=\"robots\" content=\"index, follow, max-snippet:-1, max-image-preview:large, max-video-preview:-1\" \/>\n<link rel=\"canonical\" href=\"https:\/\/vianina.com\/blog\/vanlife-an-frankreichs-westkueste\/\" \/>\n<meta property=\"og:locale\" content=\"de_DE\" \/>\n<meta property=\"og:type\" content=\"article\" \/>\n<meta property=\"og:title\" content=\"Vanlife an Frankreichs Westk\u00fcste - Vianina Blog\" \/>\n<meta property=\"og:description\" content=\"Wenn jemand eine Reise tut, so kann er was erz\u00e4hlen. Das Zitat beschreibt unseren Trip mit einem 30 Jahre alten Hymer-Wohnmobil diesen Sommer recht gut und deshalb m\u00f6chte ich nun davon berichten.\" \/>\n<meta property=\"og:url\" content=\"https:\/\/vianina.com\/blog\/vanlife-an-frankreichs-westkueste\/\" \/>\n<meta property=\"og:site_name\" content=\"Vianina Blog\" \/>\n<meta property=\"article:publisher\" content=\"https:\/\/www.facebook.com\/vianinacitymaps\/\" \/>\n<meta property=\"article:published_time\" content=\"2021-08-28T07:30:00+00:00\" \/>\n<meta property=\"article:modified_time\" content=\"2024-09-22T12:34:28+00:00\" \/>\n<meta property=\"og:image\" content=\"https:\/\/vianina.com\/blog\/wp-content\/uploads\/Vianina-Frankreich-PlageSalieNord.jpg\" \/>\n\t<meta property=\"og:image:width\" content=\"1260\" \/>\n\t<meta property=\"og:image:height\" content=\"800\" \/>\n\t<meta property=\"og:image:type\" content=\"image\/jpeg\" \/>\n<meta name=\"author\" content=\"Nina Wilsmann\" \/>\n<meta name=\"twitter:card\" content=\"summary_large_image\" \/>\n<meta name=\"twitter:label1\" content=\"Verfasst von\" \/>\n\t<meta name=\"twitter:data1\" content=\"Nina Wilsmann\" \/>\n\t<meta name=\"twitter:label2\" content=\"Gesch\u00e4tzte Lesezeit\" \/>\n\t<meta name=\"twitter:data2\" content=\"6\u00a0Minuten\" \/>\n<script type=\"application\/ld+json\" class=\"yoast-schema-graph\">{\"@context\":\"https:\/\/schema.org\",\"@graph\":[{\"@type\":\"Article\",\"@id\":\"https:\/\/vianina.com\/blog\/vanlife-an-frankreichs-westkueste\/#article\",\"isPartOf\":{\"@id\":\"https:\/\/vianina.com\/blog\/vanlife-an-frankreichs-westkueste\/\"},\"author\":{\"name\":\"Nina Wilsmann\",\"@id\":\"https:\/\/vianina.com\/blog\/#\/schema\/person\/7366472c14acd3ca80c820ff42b92c8d\"},\"headline\":\"Vanlife an Frankreichs Westk\u00fcste\",\"datePublished\":\"2021-08-28T07:30:00+00:00\",\"dateModified\":\"2024-09-22T12:34:28+00:00\",\"mainEntityOfPage\":{\"@id\":\"https:\/\/vianina.com\/blog\/vanlife-an-frankreichs-westkueste\/\"},\"wordCount\":818,\"publisher\":{\"@id\":\"https:\/\/vianina.com\/blog\/#organization\"},\"image\":{\"@id\":\"https:\/\/vianina.com\/blog\/vanlife-an-frankreichs-westkueste\/#primaryimage\"},\"thumbnailUrl\":\"https:\/\/vianina.com\/blog\/wp-content\/uploads\/Vianina-Frankreich-PlageSalieNord.jpg\",\"inLanguage\":\"de\"},{\"@type\":\"WebPage\",\"@id\":\"https:\/\/vianina.com\/blog\/vanlife-an-frankreichs-westkueste\/\",\"url\":\"https:\/\/vianina.com\/blog\/vanlife-an-frankreichs-westkueste\/\",\"name\":\"Vanlife an Frankreichs Westk\u00fcste - Vianina Blog\",\"isPartOf\":{\"@id\":\"https:\/\/vianina.com\/blog\/#website\"},\"primaryImageOfPage\":{\"@id\":\"https:\/\/vianina.com\/blog\/vanlife-an-frankreichs-westkueste\/#primaryimage\"},\"image\":{\"@id\":\"https:\/\/vianina.com\/blog\/vanlife-an-frankreichs-westkueste\/#primaryimage\"},\"thumbnailUrl\":\"https:\/\/vianina.com\/blog\/wp-content\/uploads\/Vianina-Frankreich-PlageSalieNord.jpg\",\"datePublished\":\"2021-08-28T07:30:00+00:00\",\"dateModified\":\"2024-09-22T12:34:28+00:00\",\"breadcrumb\":{\"@id\":\"https:\/\/vianina.com\/blog\/vanlife-an-frankreichs-westkueste\/#breadcrumb\"},\"inLanguage\":\"de\",\"potentialAction\":[{\"@type\":\"ReadAction\",\"target\":[\"https:\/\/vianina.com\/blog\/vanlife-an-frankreichs-westkueste\/\"]}]},{\"@type\":\"ImageObject\",\"inLanguage\":\"de\",\"@id\":\"https:\/\/vianina.com\/blog\/vanlife-an-frankreichs-westkueste\/#primaryimage\",\"url\":\"https:\/\/vianina.com\/blog\/wp-content\/uploads\/Vianina-Frankreich-PlageSalieNord.jpg\",\"contentUrl\":\"https:\/\/vianina.com\/blog\/wp-content\/uploads\/Vianina-Frankreich-PlageSalieNord.jpg\",\"width\":1260,\"height\":800},{\"@type\":\"BreadcrumbList\",\"@id\":\"https:\/\/vianina.com\/blog\/vanlife-an-frankreichs-westkueste\/#breadcrumb\",\"itemListElement\":[{\"@type\":\"ListItem\",\"position\":1,\"name\":\"Startseite\",\"item\":\"https:\/\/vianina.com\/blog\/\"},{\"@type\":\"ListItem\",\"position\":2,\"name\":\"Vanlife an Frankreichs Westk\u00fcste\"}]},{\"@type\":\"WebSite\",\"@id\":\"https:\/\/vianina.com\/blog\/#website\",\"url\":\"https:\/\/vianina.com\/blog\/\",\"name\":\"Vianina Blog\",\"description\":\"Maps to the heart\",\"publisher\":{\"@id\":\"https:\/\/vianina.com\/blog\/#organization\"},\"alternateName\":\"Maps to the heart\",\"potentialAction\":[{\"@type\":\"SearchAction\",\"target\":{\"@type\":\"EntryPoint\",\"urlTemplate\":\"https:\/\/vianina.com\/blog\/?s={search_term_string}\"},\"query-input\":{\"@type\":\"PropertyValueSpecification\",\"valueRequired\":true,\"valueName\":\"search_term_string\"}}],\"inLanguage\":\"de\"},{\"@type\":\"Organization\",\"@id\":\"https:\/\/vianina.com\/blog\/#organization\",\"name\":\"Vianina Blog\",\"alternateName\":\"Maps to the heart\",\"url\":\"https:\/\/vianina.com\/blog\/\",\"logo\":{\"@type\":\"ImageObject\",\"inLanguage\":\"de\",\"@id\":\"https:\/\/vianina.com\/blog\/#\/schema\/logo\/image\/\",\"url\":\"https:\/\/vianina.com\/blog\/wp-content\/uploads\/vianina-logo.svg\",\"contentUrl\":\"https:\/\/vianina.com\/blog\/wp-content\/uploads\/vianina-logo.svg\",\"width\":\"1024\",\"height\":\"1024\",\"caption\":\"Vianina Blog\"},\"image\":{\"@id\":\"https:\/\/vianina.com\/blog\/#\/schema\/logo\/image\/\"},\"sameAs\":[\"https:\/\/www.facebook.com\/vianinacitymaps\/\",\"https:\/\/www.instagram.com\/vianinacitymaps\/\"]},{\"@type\":\"Person\",\"@id\":\"https:\/\/vianina.com\/blog\/#\/schema\/person\/7366472c14acd3ca80c820ff42b92c8d\",\"name\":\"Nina Wilsmann\",\"image\":{\"@type\":\"ImageObject\",\"inLanguage\":\"de\",\"@id\":\"https:\/\/vianina.com\/blog\/#\/schema\/person\/image\/\",\"url\":\"https:\/\/secure.gravatar.com\/avatar\/652e1c0af8c917552325f80b970bb9ade407b38fa99aff015b98bda58d1fa710?s=96&d=mm&r=g\",\"contentUrl\":\"https:\/\/secure.gravatar.com\/avatar\/652e1c0af8c917552325f80b970bb9ade407b38fa99aff015b98bda58d1fa710?s=96&d=mm&r=g\",\"caption\":\"Nina Wilsmann\"},\"sameAs\":[\"http:\/\/vianina.com\"],\"url\":\"https:\/\/vianina.com\/blog\/author\/hellovianina-com\/\"}]}<\/script>\n<!-- \/ Yoast SEO plugin. -->","yoast_head_json":{"title":"Vanlife an Frankreichs Westk\u00fcste - Vianina Blog","robots":{"index":"index","follow":"follow","max-snippet":"max-snippet:-1","max-image-preview":"max-image-preview:large","max-video-preview":"max-video-preview:-1"},"canonical":"https:\/\/vianina.com\/blog\/vanlife-an-frankreichs-westkueste\/","og_locale":"de_DE","og_type":"article","og_title":"Vanlife an Frankreichs Westk\u00fcste - Vianina Blog","og_description":"Wenn jemand eine Reise tut, so kann er was erz\u00e4hlen. Das Zitat beschreibt unseren Trip mit einem 30 Jahre alten Hymer-Wohnmobil diesen Sommer recht gut und deshalb m\u00f6chte ich nun davon berichten.","og_url":"https:\/\/vianina.com\/blog\/vanlife-an-frankreichs-westkueste\/","og_site_name":"Vianina Blog","article_publisher":"https:\/\/www.facebook.com\/vianinacitymaps\/","article_published_time":"2021-08-28T07:30:00+00:00","article_modified_time":"2024-09-22T12:34:28+00:00","og_image":[{"width":1260,"height":800,"url":"https:\/\/vianina.com\/blog\/wp-content\/uploads\/Vianina-Frankreich-PlageSalieNord.jpg","type":"image\/jpeg"}],"author":"Nina Wilsmann","twitter_card":"summary_large_image","twitter_misc":{"Verfasst von":"Nina Wilsmann","Gesch\u00e4tzte Lesezeit":"6\u00a0Minuten"},"schema":{"@context":"https:\/\/schema.org","@graph":[{"@type":"Article","@id":"https:\/\/vianina.com\/blog\/vanlife-an-frankreichs-westkueste\/#article","isPartOf":{"@id":"https:\/\/vianina.com\/blog\/vanlife-an-frankreichs-westkueste\/"},"author":{"name":"Nina Wilsmann","@id":"https:\/\/vianina.com\/blog\/#\/schema\/person\/7366472c14acd3ca80c820ff42b92c8d"},"headline":"Vanlife an Frankreichs Westk\u00fcste","datePublished":"2021-08-28T07:30:00+00:00","dateModified":"2024-09-22T12:34:28+00:00","mainEntityOfPage":{"@id":"https:\/\/vianina.com\/blog\/vanlife-an-frankreichs-westkueste\/"},"wordCount":818,"publisher":{"@id":"https:\/\/vianina.com\/blog\/#organization"},"image":{"@id":"https:\/\/vianina.com\/blog\/vanlife-an-frankreichs-westkueste\/#primaryimage"},"thumbnailUrl":"https:\/\/vianina.com\/blog\/wp-content\/uploads\/Vianina-Frankreich-PlageSalieNord.jpg","inLanguage":"de"},{"@type":"WebPage","@id":"https:\/\/vianina.com\/blog\/vanlife-an-frankreichs-westkueste\/","url":"https:\/\/vianina.com\/blog\/vanlife-an-frankreichs-westkueste\/","name":"Vanlife an Frankreichs Westk\u00fcste - Vianina Blog","isPartOf":{"@id":"https:\/\/vianina.com\/blog\/#website"},"primaryImageOfPage":{"@id":"https:\/\/vianina.com\/blog\/vanlife-an-frankreichs-westkueste\/#primaryimage"},"image":{"@id":"https:\/\/vianina.com\/blog\/vanlife-an-frankreichs-westkueste\/#primaryimage"},"thumbnailUrl":"https:\/\/vianina.com\/blog\/wp-content\/uploads\/Vianina-Frankreich-PlageSalieNord.jpg","datePublished":"2021-08-28T07:30:00+00:00","dateModified":"2024-09-22T12:34:28+00:00","breadcrumb":{"@id":"https:\/\/vianina.com\/blog\/vanlife-an-frankreichs-westkueste\/#breadcrumb"},"inLanguage":"de","potentialAction":[{"@type":"ReadAction","target":["https:\/\/vianina.com\/blog\/vanlife-an-frankreichs-westkueste\/"]}]},{"@type":"ImageObject","inLanguage":"de","@id":"https:\/\/vianina.com\/blog\/vanlife-an-frankreichs-westkueste\/#primaryimage","url":"https:\/\/vianina.com\/blog\/wp-content\/uploads\/Vianina-Frankreich-PlageSalieNord.jpg","contentUrl":"https:\/\/vianina.com\/blog\/wp-content\/uploads\/Vianina-Frankreich-PlageSalieNord.jpg","width":1260,"height":800},{"@type":"BreadcrumbList","@id":"https:\/\/vianina.com\/blog\/vanlife-an-frankreichs-westkueste\/#breadcrumb","itemListElement":[{"@type":"ListItem","position":1,"name":"Startseite","item":"https:\/\/vianina.com\/blog\/"},{"@type":"ListItem","position":2,"name":"Vanlife an Frankreichs Westk\u00fcste"}]},{"@type":"WebSite","@id":"https:\/\/vianina.com\/blog\/#website","url":"https:\/\/vianina.com\/blog\/","name":"Vianina Blog","description":"Maps to the heart","publisher":{"@id":"https:\/\/vianina.com\/blog\/#organization"},"alternateName":"Maps to the heart","potentialAction":[{"@type":"SearchAction","target":{"@type":"EntryPoint","urlTemplate":"https:\/\/vianina.com\/blog\/?s={search_term_string}"},"query-input":{"@type":"PropertyValueSpecification","valueRequired":true,"valueName":"search_term_string"}}],"inLanguage":"de"},{"@type":"Organization","@id":"https:\/\/vianina.com\/blog\/#organization","name":"Vianina Blog","alternateName":"Maps to the heart","url":"https:\/\/vianina.com\/blog\/","logo":{"@type":"ImageObject","inLanguage":"de","@id":"https:\/\/vianina.com\/blog\/#\/schema\/logo\/image\/","url":"https:\/\/vianina.com\/blog\/wp-content\/uploads\/vianina-logo.svg","contentUrl":"https:\/\/vianina.com\/blog\/wp-content\/uploads\/vianina-logo.svg","width":"1024","height":"1024","caption":"Vianina Blog"},"image":{"@id":"https:\/\/vianina.com\/blog\/#\/schema\/logo\/image\/"},"sameAs":["https:\/\/www.facebook.com\/vianinacitymaps\/","https:\/\/www.instagram.com\/vianinacitymaps\/"]},{"@type":"Person","@id":"https:\/\/vianina.com\/blog\/#\/schema\/person\/7366472c14acd3ca80c820ff42b92c8d","name":"Nina Wilsmann","image":{"@type":"ImageObject","inLanguage":"de","@id":"https:\/\/vianina.com\/blog\/#\/schema\/person\/image\/","url":"https:\/\/secure.gravatar.com\/avatar\/652e1c0af8c917552325f80b970bb9ade407b38fa99aff015b98bda58d1fa710?s=96&d=mm&r=g","contentUrl":"https:\/\/secure.gravatar.com\/avatar\/652e1c0af8c917552325f80b970bb9ade407b38fa99aff015b98bda58d1fa710?s=96&d=mm&r=g","caption":"Nina Wilsmann"},"sameAs":["http:\/\/vianina.com"],"url":"https:\/\/vianina.com\/blog\/author\/hellovianina-com\/"}]}},"_links":{"self":[{"href":"https:\/\/vianina.com\/blog\/wp-json\/wp\/v2\/posts\/93","targetHints":{"allow":["GET"]}}],"collection":[{"href":"https:\/\/vianina.com\/blog\/wp-json\/wp\/v2\/posts"}],"about":[{"href":"https:\/\/vianina.com\/blog\/wp-json\/wp\/v2\/types\/post"}],"author":[{"embeddable":true,"href":"https:\/\/vianina.com\/blog\/wp-json\/wp\/v2\/users\/2"}],"replies":[{"embeddable":true,"href":"https:\/\/vianina.com\/blog\/wp-json\/wp\/v2\/comments?post=93"}],"version-history":[{"count":2,"href":"https:\/\/vianina.com\/blog\/wp-json\/wp\/v2\/posts\/93\/revisions"}],"predecessor-version":[{"id":1048,"href":"https:\/\/vianina.com\/blog\/wp-json\/wp\/v2\/posts\/93\/revisions\/1048"}],"wp:featuredmedia":[{"embeddable":true,"href":"https:\/\/vianina.com\/blog\/wp-json\/wp\/v2\/media\/910"}],"wp:attachment":[{"href":"https:\/\/vianina.com\/blog\/wp-json\/wp\/v2\/media?parent=93"}],"wp:term":[{"taxonomy":"category","embeddable":true,"href":"https:\/\/vianina.com\/blog\/wp-json\/wp\/v2\/categories?post=93"},{"taxonomy":"post_tag","embeddable":true,"href":"https:\/\/vianina.com\/blog\/wp-json\/wp\/v2\/tags?post=93"}],"curies":[{"name":"wp","href":"https:\/\/api.w.org\/{rel}","templated":true}]}}