{"id":98,"date":"2022-06-09T08:00:00","date_gmt":"2022-06-09T06:00:00","guid":{"rendered":"https:\/\/wp.vianina.com\/2022\/06\/09\/vernissage-in-der-mimi-im-stadtelefant\/"},"modified":"2024-09-22T18:24:19","modified_gmt":"2024-09-22T16:24:19","slug":"vernissage-in-der-mimi-im-stadtelefant","status":"publish","type":"post","link":"https:\/\/vianina.com\/blog\/vernissage-in-der-mimi-im-stadtelefant\/","title":{"rendered":"Vernissage in der Mimi im Stadtelefant"},"content":{"rendered":"\n<p>Foto: Malgorzata Knapik<\/p>\n\n\n\n<p><big>Neulich habe ich der Mimi im Stadtelefant bei einer kleinen aber feinen Vernissage meine Stadtkarten pr\u00e4sentieren k\u00f6nnen. Das Lokal befindet sich im superneuen Sonnwendviertel, nahe des Wiener Hauptbahnhofs, im 10. Wiener Gemeindebezirk.<\/big><\/p>\n\n\n\n<p>Die Mimi gerade mal seit 2 Jahren und ist ein beliebter Treffpunkt f\u00fcr Architekten, da im selben Haus drei Architekturb\u00fcros einquartiert sind. Das Design des Restaurants ist sehr modern, schlicht, aber nicht kalt, was nicht zuletzt am sympathischen Mimi-Team liegt. Meine Bilder h\u00e4ngen auf einer gro\u00dfen Sichtbetonwand, wo sie wirklich toll zur Geltung kommen. Ich hab mich sehr \u00fcber den Anblick gefreut, als meine liebe Freundin und gleichfalls Designerin Malgorzata und ich mit dem Aufh\u00e4ngen fertig waren \ud83d\ude42<\/p>\n\n\n\n<figure class=\"wp-block-image size-large\"><img loading=\"lazy\" decoding=\"async\" width=\"1024\" height=\"650\" src=\"https:\/\/vianina.com\/blog\/wp-content\/uploads\/Vianina-Vernissage-MimiimStadtelefant-7-1024x650.jpg\" alt=\"\" class=\"wp-image-470\" srcset=\"https:\/\/vianina.com\/blog\/wp-content\/uploads\/Vianina-Vernissage-MimiimStadtelefant-7-1024x650.jpg 1024w, https:\/\/vianina.com\/blog\/wp-content\/uploads\/Vianina-Vernissage-MimiimStadtelefant-7-300x190.jpg 300w, https:\/\/vianina.com\/blog\/wp-content\/uploads\/Vianina-Vernissage-MimiimStadtelefant-7-768x488.jpg 768w, https:\/\/vianina.com\/blog\/wp-content\/uploads\/Vianina-Vernissage-MimiimStadtelefant-7.jpg 1260w\" sizes=\"auto, (max-width: 1024px) 100vw, 1024px\" \/><\/figure>\n\n\n\n<p><big>Die Idee zur Austellung hatte mein Auftraggeber Peter Sittler, f\u00fcr den ich 2019 eine Illustration von Favoriten (10. Bezirk) gezeichnet habe.<\/big><\/p>\n\n\n\n<p>Diese Stadtillustration ist auch das gr\u00f6\u00dfte Sujet, flankiert von meiner Wien Stadtkarte, von New York, Venedig und der Barcelona Map. Die Stadtpl\u00e4ne werden nun auf jeden Fall mal bis Herbst 2022 die gro\u00dfe Wand des Lokals zieren. Wir werden dann wohl auch noch eine Finissage veranstalten, f\u00fcr die wir uns noch ein wenig mehr Programm \u00fcberlegen und noch mehr Werbung machen wollen. Diese erste Vernissage war jetzt mal ein relativ kurzfristige Hauruckaktion \ud83d\ude09<\/p>\n\n\n\n<figure class=\"wp-block-image size-large\"><img loading=\"lazy\" decoding=\"async\" width=\"1024\" height=\"650\" src=\"https:\/\/vianina.com\/blog\/wp-content\/uploads\/Vianina-Vernissage-MimiimStadtelefant-1024x650.jpg\" alt=\"\" class=\"wp-image-475\" srcset=\"https:\/\/vianina.com\/blog\/wp-content\/uploads\/Vianina-Vernissage-MimiimStadtelefant-1024x650.jpg 1024w, https:\/\/vianina.com\/blog\/wp-content\/uploads\/Vianina-Vernissage-MimiimStadtelefant-300x190.jpg 300w, https:\/\/vianina.com\/blog\/wp-content\/uploads\/Vianina-Vernissage-MimiimStadtelefant-768x488.jpg 768w, https:\/\/vianina.com\/blog\/wp-content\/uploads\/Vianina-Vernissage-MimiimStadtelefant.jpg 1260w\" sizes=\"auto, (max-width: 1024px) 100vw, 1024px\" \/><\/figure>\n\n\n\n<p>Auf dem Bild: Peter Sittler (Auftraggeber Favoriten Illustration im Hintergrund), Nina Simone Wilsmann, Marc Oberngruber (Inhaber Mimi im Stadtelefant. Foto: Weinwurm Fotografie<\/p>\n\n\n\n<figure class=\"wp-block-image size-large\"><img loading=\"lazy\" decoding=\"async\" width=\"1024\" height=\"650\" src=\"https:\/\/vianina.com\/blog\/wp-content\/uploads\/Vianina-Vernissage-MimiimStadtelefant-4-1024x650.jpg\" alt=\"\" class=\"wp-image-467\" srcset=\"https:\/\/vianina.com\/blog\/wp-content\/uploads\/Vianina-Vernissage-MimiimStadtelefant-4-1024x650.jpg 1024w, https:\/\/vianina.com\/blog\/wp-content\/uploads\/Vianina-Vernissage-MimiimStadtelefant-4-300x190.jpg 300w, https:\/\/vianina.com\/blog\/wp-content\/uploads\/Vianina-Vernissage-MimiimStadtelefant-4-768x488.jpg 768w, https:\/\/vianina.com\/blog\/wp-content\/uploads\/Vianina-Vernissage-MimiimStadtelefant-4.jpg 1260w\" sizes=\"auto, (max-width: 1024px) 100vw, 1024px\" \/><\/figure>\n\n\n\n<p>Foto: Weinwurm Fotografie<\/p>\n\n\n\n<p><big>Im Zuge der Ausstellungser\u00f6ffnung habe ich den G\u00e4sten ein wenig \u00fcber die Vianina-Entstehungsgeschichte erz\u00e4hlt.<\/big><\/p>\n\n\n\n<p>Diese Geschichte ist eng verknp\u00fcpft mit einer Frage, die ich oft gestellt bekomme: wie ich denn eigentlich darauf gekommen bin Stadtpl\u00e4ne zu zeichnen?&nbsp;Die Antwort darauf lautet: Ich habe Land- und Stadtkarten immer schon sehr faszinierend gefunden. Als Kind habe ich mir stundenlang die Atlanten meiner Eltern angesehen. Da ich damals noch nie au\u00dferhalb von Europa war, konnte ich mir einfach nicht vorstellen, wie es in Peking, Chicago oder Sydney aussieht. Das war ein bi\u00dfchen so als w\u00e4ren diese St\u00e4dte auf dem Mars.<\/p>\n\n\n\n<p>Au\u00dferdem habe ich seit ich Denken kann gezeichnet. Nach dem Studium habe ich beschlossen diese beiden Leidenschaften zu vereinen und wollte meine Heimatstadt Wasserburg am Inn (Bayern) zeichnen, wo der Fluss Inn in einer Schleife um das mitterlalterliche St\u00e4dtchen flie\u00dft. Dabei entwickelte ich den Vianina-Stil.<\/p>\n\n\n\n<p>Ich w\u00fcrde diesen Stil so beschreiben: aus der Sicht eines Kindes, das zum ersten Mal vom Land in die Stadt kommt und alles scheint so enorm und \u00fcberdetailiert. Ich wollte die Stadt fassbar machen, wie ein Kind sie fassbar machen w\u00fcrde, wenn die H\u00e4nde schon so gro\u00df w\u00e4ren wie die Augen.<\/p>\n\n\n\n<p>Als ich dann 2007 nach Wien auswanderte beschloss ich in diesem Stil auch meine neue Heimat zu zeichnen. Diese Wien-Illustration kam dann so gut an wie kein Design, das ich bisher gestaltet habe. Das motivierte mich und ich zeichnete auch noch Berlin und Hamburg. Diese erste Serie reichte ich bei verschiedenen Design-Preisen ein, die ich auch gewann. Daraufhin schrieben mir immer mehr Leute, wo man diese Karten denn kaufen k\u00f6nne. So kam das ganze Business langsam ins Rollen \ud83d\ude42&nbsp;<\/p>\n\n\n\n<p><big>Aber eigentlich ging es im Text hier ja um die Ausstellung und daher zeige ich einfach noch ein paar Bilder dazu \u2026<\/big><\/p>\n\n\n\n<figure class=\"wp-block-image size-large\"><img loading=\"lazy\" decoding=\"async\" width=\"1024\" height=\"650\" src=\"https:\/\/vianina.com\/blog\/wp-content\/uploads\/Vianina-Vernissage-MimiimStadtelefant-5-1024x650.jpg\" alt=\"\" class=\"wp-image-468\" srcset=\"https:\/\/vianina.com\/blog\/wp-content\/uploads\/Vianina-Vernissage-MimiimStadtelefant-5-1024x650.jpg 1024w, https:\/\/vianina.com\/blog\/wp-content\/uploads\/Vianina-Vernissage-MimiimStadtelefant-5-300x190.jpg 300w, https:\/\/vianina.com\/blog\/wp-content\/uploads\/Vianina-Vernissage-MimiimStadtelefant-5-768x488.jpg 768w, https:\/\/vianina.com\/blog\/wp-content\/uploads\/Vianina-Vernissage-MimiimStadtelefant-5.jpg 1260w\" sizes=\"auto, (max-width: 1024px) 100vw, 1024px\" \/><\/figure>\n\n\n\n<p>&nbsp;Foto: Weinwurm Fotografie<\/p>\n\n\n\n<figure class=\"wp-block-image size-large\"><img loading=\"lazy\" decoding=\"async\" width=\"1024\" height=\"650\" src=\"https:\/\/vianina.com\/blog\/wp-content\/uploads\/Vianina-Vernissage-MimiimStadtelefant-2-1024x650.jpg\" alt=\"\" class=\"wp-image-465\" srcset=\"https:\/\/vianina.com\/blog\/wp-content\/uploads\/Vianina-Vernissage-MimiimStadtelefant-2-1024x650.jpg 1024w, https:\/\/vianina.com\/blog\/wp-content\/uploads\/Vianina-Vernissage-MimiimStadtelefant-2-300x190.jpg 300w, https:\/\/vianina.com\/blog\/wp-content\/uploads\/Vianina-Vernissage-MimiimStadtelefant-2-768x488.jpg 768w, https:\/\/vianina.com\/blog\/wp-content\/uploads\/Vianina-Vernissage-MimiimStadtelefant-2.jpg 1260w\" sizes=\"auto, (max-width: 1024px) 100vw, 1024px\" \/><\/figure>\n\n\n\n<p>Foto: Weinwurm Fotografie<\/p>\n\n\n\n<figure class=\"wp-block-image size-large\"><img loading=\"lazy\" decoding=\"async\" width=\"1024\" height=\"650\" src=\"https:\/\/vianina.com\/blog\/wp-content\/uploads\/Vianina-Vernissage-MimiimStadtelefant-8-1024x650.jpg\" alt=\"\" class=\"wp-image-471\" srcset=\"https:\/\/vianina.com\/blog\/wp-content\/uploads\/Vianina-Vernissage-MimiimStadtelefant-8-1024x650.jpg 1024w, https:\/\/vianina.com\/blog\/wp-content\/uploads\/Vianina-Vernissage-MimiimStadtelefant-8-300x190.jpg 300w, https:\/\/vianina.com\/blog\/wp-content\/uploads\/Vianina-Vernissage-MimiimStadtelefant-8-768x488.jpg 768w, https:\/\/vianina.com\/blog\/wp-content\/uploads\/Vianina-Vernissage-MimiimStadtelefant-8.jpg 1260w\" sizes=\"auto, (max-width: 1024px) 100vw, 1024px\" \/><\/figure>\n\n\n\n<p>Foto: Weinwurm Fotografie<\/p>\n\n\n\n<figure class=\"wp-block-image size-large\"><img loading=\"lazy\" decoding=\"async\" width=\"1024\" height=\"650\" src=\"https:\/\/vianina.com\/blog\/wp-content\/uploads\/Vianina-Vernissage-MimiimStadtelefant-11-1024x650.jpg\" alt=\"\" class=\"wp-image-474\" srcset=\"https:\/\/vianina.com\/blog\/wp-content\/uploads\/Vianina-Vernissage-MimiimStadtelefant-11-1024x650.jpg 1024w, https:\/\/vianina.com\/blog\/wp-content\/uploads\/Vianina-Vernissage-MimiimStadtelefant-11-300x190.jpg 300w, https:\/\/vianina.com\/blog\/wp-content\/uploads\/Vianina-Vernissage-MimiimStadtelefant-11-768x488.jpg 768w, https:\/\/vianina.com\/blog\/wp-content\/uploads\/Vianina-Vernissage-MimiimStadtelefant-11.jpg 1260w\" sizes=\"auto, (max-width: 1024px) 100vw, 1024px\" \/><\/figure>\n\n\n\n<p>Foto: Weinwurm Fotografie<\/p>\n\n\n\n<figure class=\"wp-block-image size-large\"><img loading=\"lazy\" decoding=\"async\" width=\"1024\" height=\"650\" src=\"https:\/\/vianina.com\/blog\/wp-content\/uploads\/Vianina-Vernissage-MimiimStadtelefant-9-1024x650.jpg\" alt=\"\" class=\"wp-image-472\" srcset=\"https:\/\/vianina.com\/blog\/wp-content\/uploads\/Vianina-Vernissage-MimiimStadtelefant-9-1024x650.jpg 1024w, https:\/\/vianina.com\/blog\/wp-content\/uploads\/Vianina-Vernissage-MimiimStadtelefant-9-300x190.jpg 300w, https:\/\/vianina.com\/blog\/wp-content\/uploads\/Vianina-Vernissage-MimiimStadtelefant-9-768x488.jpg 768w, https:\/\/vianina.com\/blog\/wp-content\/uploads\/Vianina-Vernissage-MimiimStadtelefant-9.jpg 1260w\" sizes=\"auto, (max-width: 1024px) 100vw, 1024px\" \/><\/figure>\n\n\n\n<p>Foto: Weinwurm Fotografie<\/p>\n\n\n\n<figure class=\"wp-block-image size-large\"><img loading=\"lazy\" decoding=\"async\" width=\"1024\" height=\"650\" src=\"https:\/\/vianina.com\/blog\/wp-content\/uploads\/Vianina-Vernissage-MimiimStadtelefant-10-1024x650.jpg\" alt=\"\" class=\"wp-image-473\" srcset=\"https:\/\/vianina.com\/blog\/wp-content\/uploads\/Vianina-Vernissage-MimiimStadtelefant-10-1024x650.jpg 1024w, https:\/\/vianina.com\/blog\/wp-content\/uploads\/Vianina-Vernissage-MimiimStadtelefant-10-300x190.jpg 300w, https:\/\/vianina.com\/blog\/wp-content\/uploads\/Vianina-Vernissage-MimiimStadtelefant-10-768x488.jpg 768w, https:\/\/vianina.com\/blog\/wp-content\/uploads\/Vianina-Vernissage-MimiimStadtelefant-10.jpg 1260w\" sizes=\"auto, (max-width: 1024px) 100vw, 1024px\" \/><\/figure>\n","protected":false},"excerpt":{"rendered":"<p>Neulich habe ich der Mimi im Stadtelefant bei einer kleinen aber feinen Vernissage meine Stadtkarten pr\u00e4sentieren k\u00f6nnen. Das Lokal befindet sich im superneuen Sonnwendviertel, nahe des Wiener Hauptbahnhofs, im 10. Bezirk.<\/p>\n","protected":false},"author":2,"featured_media":475,"comment_status":"closed","ping_status":"open","sticky":false,"template":"","format":"standard","meta":{"inline_featured_image":false,"footnotes":""},"categories":[1],"tags":[],"class_list":["post-98","post","type-post","status-publish","format-standard","has-post-thumbnail","hentry","category-allgemein"],"yoast_head":"<!-- This site is optimized with the Yoast SEO plugin v24.5 - https:\/\/yoast.com\/wordpress\/plugins\/seo\/ -->\n<title>Vernissage in der Mimi im Stadtelefant - Vianina Blog<\/title>\n<meta name=\"robots\" content=\"index, follow, max-snippet:-1, max-image-preview:large, max-video-preview:-1\" \/>\n<link rel=\"canonical\" href=\"https:\/\/vianina.com\/blog\/vernissage-in-der-mimi-im-stadtelefant\/\" \/>\n<meta property=\"og:locale\" content=\"de_DE\" \/>\n<meta property=\"og:type\" content=\"article\" \/>\n<meta property=\"og:title\" content=\"Vernissage in der Mimi im Stadtelefant - Vianina Blog\" \/>\n<meta property=\"og:description\" content=\"Neulich habe ich der Mimi im Stadtelefant bei einer kleinen aber feinen Vernissage meine Stadtkarten pr\u00e4sentieren k\u00f6nnen. Das Lokal befindet sich im superneuen Sonnwendviertel, nahe des Wiener Hauptbahnhofs, im 10. Bezirk.\" \/>\n<meta property=\"og:url\" content=\"https:\/\/vianina.com\/blog\/vernissage-in-der-mimi-im-stadtelefant\/\" \/>\n<meta property=\"og:site_name\" content=\"Vianina Blog\" \/>\n<meta property=\"article:publisher\" content=\"https:\/\/www.facebook.com\/vianinacitymaps\/\" \/>\n<meta property=\"article:published_time\" content=\"2022-06-09T06:00:00+00:00\" \/>\n<meta property=\"article:modified_time\" content=\"2024-09-22T16:24:19+00:00\" \/>\n<meta property=\"og:image\" content=\"https:\/\/vianina.com\/blog\/wp-content\/uploads\/Vianina-Vernissage-MimiimStadtelefant.jpg\" \/>\n\t<meta property=\"og:image:width\" content=\"1260\" \/>\n\t<meta property=\"og:image:height\" content=\"800\" \/>\n\t<meta property=\"og:image:type\" content=\"image\/jpeg\" \/>\n<meta name=\"author\" content=\"Nina Wilsmann\" \/>\n<meta name=\"twitter:card\" content=\"summary_large_image\" \/>\n<meta name=\"twitter:label1\" content=\"Verfasst von\" \/>\n\t<meta name=\"twitter:data1\" content=\"Nina Wilsmann\" \/>\n\t<meta name=\"twitter:label2\" content=\"Gesch\u00e4tzte Lesezeit\" \/>\n\t<meta name=\"twitter:data2\" content=\"5\u00a0Minuten\" \/>\n<script type=\"application\/ld+json\" class=\"yoast-schema-graph\">{\"@context\":\"https:\/\/schema.org\",\"@graph\":[{\"@type\":\"Article\",\"@id\":\"https:\/\/vianina.com\/blog\/vernissage-in-der-mimi-im-stadtelefant\/#article\",\"isPartOf\":{\"@id\":\"https:\/\/vianina.com\/blog\/vernissage-in-der-mimi-im-stadtelefant\/\"},\"author\":{\"name\":\"Nina Wilsmann\",\"@id\":\"https:\/\/vianina.com\/blog\/#\/schema\/person\/7366472c14acd3ca80c820ff42b92c8d\"},\"headline\":\"Vernissage in der Mimi im Stadtelefant\",\"datePublished\":\"2022-06-09T06:00:00+00:00\",\"dateModified\":\"2024-09-22T16:24:19+00:00\",\"mainEntityOfPage\":{\"@id\":\"https:\/\/vianina.com\/blog\/vernissage-in-der-mimi-im-stadtelefant\/\"},\"wordCount\":569,\"publisher\":{\"@id\":\"https:\/\/vianina.com\/blog\/#organization\"},\"image\":{\"@id\":\"https:\/\/vianina.com\/blog\/vernissage-in-der-mimi-im-stadtelefant\/#primaryimage\"},\"thumbnailUrl\":\"https:\/\/vianina.com\/blog\/wp-content\/uploads\/Vianina-Vernissage-MimiimStadtelefant.jpg\",\"inLanguage\":\"de\"},{\"@type\":\"WebPage\",\"@id\":\"https:\/\/vianina.com\/blog\/vernissage-in-der-mimi-im-stadtelefant\/\",\"url\":\"https:\/\/vianina.com\/blog\/vernissage-in-der-mimi-im-stadtelefant\/\",\"name\":\"Vernissage in der Mimi im Stadtelefant - Vianina Blog\",\"isPartOf\":{\"@id\":\"https:\/\/vianina.com\/blog\/#website\"},\"primaryImageOfPage\":{\"@id\":\"https:\/\/vianina.com\/blog\/vernissage-in-der-mimi-im-stadtelefant\/#primaryimage\"},\"image\":{\"@id\":\"https:\/\/vianina.com\/blog\/vernissage-in-der-mimi-im-stadtelefant\/#primaryimage\"},\"thumbnailUrl\":\"https:\/\/vianina.com\/blog\/wp-content\/uploads\/Vianina-Vernissage-MimiimStadtelefant.jpg\",\"datePublished\":\"2022-06-09T06:00:00+00:00\",\"dateModified\":\"2024-09-22T16:24:19+00:00\",\"breadcrumb\":{\"@id\":\"https:\/\/vianina.com\/blog\/vernissage-in-der-mimi-im-stadtelefant\/#breadcrumb\"},\"inLanguage\":\"de\",\"potentialAction\":[{\"@type\":\"ReadAction\",\"target\":[\"https:\/\/vianina.com\/blog\/vernissage-in-der-mimi-im-stadtelefant\/\"]}]},{\"@type\":\"ImageObject\",\"inLanguage\":\"de\",\"@id\":\"https:\/\/vianina.com\/blog\/vernissage-in-der-mimi-im-stadtelefant\/#primaryimage\",\"url\":\"https:\/\/vianina.com\/blog\/wp-content\/uploads\/Vianina-Vernissage-MimiimStadtelefant.jpg\",\"contentUrl\":\"https:\/\/vianina.com\/blog\/wp-content\/uploads\/Vianina-Vernissage-MimiimStadtelefant.jpg\",\"width\":1260,\"height\":800},{\"@type\":\"BreadcrumbList\",\"@id\":\"https:\/\/vianina.com\/blog\/vernissage-in-der-mimi-im-stadtelefant\/#breadcrumb\",\"itemListElement\":[{\"@type\":\"ListItem\",\"position\":1,\"name\":\"Startseite\",\"item\":\"https:\/\/vianina.com\/blog\/\"},{\"@type\":\"ListItem\",\"position\":2,\"name\":\"Vernissage in der Mimi im Stadtelefant\"}]},{\"@type\":\"WebSite\",\"@id\":\"https:\/\/vianina.com\/blog\/#website\",\"url\":\"https:\/\/vianina.com\/blog\/\",\"name\":\"Vianina Blog\",\"description\":\"Maps to the heart\",\"publisher\":{\"@id\":\"https:\/\/vianina.com\/blog\/#organization\"},\"alternateName\":\"Maps to the heart\",\"potentialAction\":[{\"@type\":\"SearchAction\",\"target\":{\"@type\":\"EntryPoint\",\"urlTemplate\":\"https:\/\/vianina.com\/blog\/?s={search_term_string}\"},\"query-input\":{\"@type\":\"PropertyValueSpecification\",\"valueRequired\":true,\"valueName\":\"search_term_string\"}}],\"inLanguage\":\"de\"},{\"@type\":\"Organization\",\"@id\":\"https:\/\/vianina.com\/blog\/#organization\",\"name\":\"Vianina Blog\",\"alternateName\":\"Maps to the heart\",\"url\":\"https:\/\/vianina.com\/blog\/\",\"logo\":{\"@type\":\"ImageObject\",\"inLanguage\":\"de\",\"@id\":\"https:\/\/vianina.com\/blog\/#\/schema\/logo\/image\/\",\"url\":\"https:\/\/vianina.com\/blog\/wp-content\/uploads\/vianina-logo.svg\",\"contentUrl\":\"https:\/\/vianina.com\/blog\/wp-content\/uploads\/vianina-logo.svg\",\"width\":\"1024\",\"height\":\"1024\",\"caption\":\"Vianina Blog\"},\"image\":{\"@id\":\"https:\/\/vianina.com\/blog\/#\/schema\/logo\/image\/\"},\"sameAs\":[\"https:\/\/www.facebook.com\/vianinacitymaps\/\",\"https:\/\/www.instagram.com\/vianinacitymaps\/\"]},{\"@type\":\"Person\",\"@id\":\"https:\/\/vianina.com\/blog\/#\/schema\/person\/7366472c14acd3ca80c820ff42b92c8d\",\"name\":\"Nina Wilsmann\",\"image\":{\"@type\":\"ImageObject\",\"inLanguage\":\"de\",\"@id\":\"https:\/\/vianina.com\/blog\/#\/schema\/person\/image\/\",\"url\":\"https:\/\/secure.gravatar.com\/avatar\/652e1c0af8c917552325f80b970bb9ade407b38fa99aff015b98bda58d1fa710?s=96&d=mm&r=g\",\"contentUrl\":\"https:\/\/secure.gravatar.com\/avatar\/652e1c0af8c917552325f80b970bb9ade407b38fa99aff015b98bda58d1fa710?s=96&d=mm&r=g\",\"caption\":\"Nina Wilsmann\"},\"sameAs\":[\"http:\/\/vianina.com\"],\"url\":\"https:\/\/vianina.com\/blog\/author\/hellovianina-com\/\"}]}<\/script>\n<!-- \/ Yoast SEO plugin. -->","yoast_head_json":{"title":"Vernissage in der Mimi im Stadtelefant - Vianina Blog","robots":{"index":"index","follow":"follow","max-snippet":"max-snippet:-1","max-image-preview":"max-image-preview:large","max-video-preview":"max-video-preview:-1"},"canonical":"https:\/\/vianina.com\/blog\/vernissage-in-der-mimi-im-stadtelefant\/","og_locale":"de_DE","og_type":"article","og_title":"Vernissage in der Mimi im Stadtelefant - Vianina Blog","og_description":"Neulich habe ich der Mimi im Stadtelefant bei einer kleinen aber feinen Vernissage meine Stadtkarten pr\u00e4sentieren k\u00f6nnen. Das Lokal befindet sich im superneuen Sonnwendviertel, nahe des Wiener Hauptbahnhofs, im 10. Bezirk.","og_url":"https:\/\/vianina.com\/blog\/vernissage-in-der-mimi-im-stadtelefant\/","og_site_name":"Vianina Blog","article_publisher":"https:\/\/www.facebook.com\/vianinacitymaps\/","article_published_time":"2022-06-09T06:00:00+00:00","article_modified_time":"2024-09-22T16:24:19+00:00","og_image":[{"width":1260,"height":800,"url":"https:\/\/vianina.com\/blog\/wp-content\/uploads\/Vianina-Vernissage-MimiimStadtelefant.jpg","type":"image\/jpeg"}],"author":"Nina Wilsmann","twitter_card":"summary_large_image","twitter_misc":{"Verfasst von":"Nina Wilsmann","Gesch\u00e4tzte Lesezeit":"5\u00a0Minuten"},"schema":{"@context":"https:\/\/schema.org","@graph":[{"@type":"Article","@id":"https:\/\/vianina.com\/blog\/vernissage-in-der-mimi-im-stadtelefant\/#article","isPartOf":{"@id":"https:\/\/vianina.com\/blog\/vernissage-in-der-mimi-im-stadtelefant\/"},"author":{"name":"Nina Wilsmann","@id":"https:\/\/vianina.com\/blog\/#\/schema\/person\/7366472c14acd3ca80c820ff42b92c8d"},"headline":"Vernissage in der Mimi im Stadtelefant","datePublished":"2022-06-09T06:00:00+00:00","dateModified":"2024-09-22T16:24:19+00:00","mainEntityOfPage":{"@id":"https:\/\/vianina.com\/blog\/vernissage-in-der-mimi-im-stadtelefant\/"},"wordCount":569,"publisher":{"@id":"https:\/\/vianina.com\/blog\/#organization"},"image":{"@id":"https:\/\/vianina.com\/blog\/vernissage-in-der-mimi-im-stadtelefant\/#primaryimage"},"thumbnailUrl":"https:\/\/vianina.com\/blog\/wp-content\/uploads\/Vianina-Vernissage-MimiimStadtelefant.jpg","inLanguage":"de"},{"@type":"WebPage","@id":"https:\/\/vianina.com\/blog\/vernissage-in-der-mimi-im-stadtelefant\/","url":"https:\/\/vianina.com\/blog\/vernissage-in-der-mimi-im-stadtelefant\/","name":"Vernissage in der Mimi im Stadtelefant - Vianina Blog","isPartOf":{"@id":"https:\/\/vianina.com\/blog\/#website"},"primaryImageOfPage":{"@id":"https:\/\/vianina.com\/blog\/vernissage-in-der-mimi-im-stadtelefant\/#primaryimage"},"image":{"@id":"https:\/\/vianina.com\/blog\/vernissage-in-der-mimi-im-stadtelefant\/#primaryimage"},"thumbnailUrl":"https:\/\/vianina.com\/blog\/wp-content\/uploads\/Vianina-Vernissage-MimiimStadtelefant.jpg","datePublished":"2022-06-09T06:00:00+00:00","dateModified":"2024-09-22T16:24:19+00:00","breadcrumb":{"@id":"https:\/\/vianina.com\/blog\/vernissage-in-der-mimi-im-stadtelefant\/#breadcrumb"},"inLanguage":"de","potentialAction":[{"@type":"ReadAction","target":["https:\/\/vianina.com\/blog\/vernissage-in-der-mimi-im-stadtelefant\/"]}]},{"@type":"ImageObject","inLanguage":"de","@id":"https:\/\/vianina.com\/blog\/vernissage-in-der-mimi-im-stadtelefant\/#primaryimage","url":"https:\/\/vianina.com\/blog\/wp-content\/uploads\/Vianina-Vernissage-MimiimStadtelefant.jpg","contentUrl":"https:\/\/vianina.com\/blog\/wp-content\/uploads\/Vianina-Vernissage-MimiimStadtelefant.jpg","width":1260,"height":800},{"@type":"BreadcrumbList","@id":"https:\/\/vianina.com\/blog\/vernissage-in-der-mimi-im-stadtelefant\/#breadcrumb","itemListElement":[{"@type":"ListItem","position":1,"name":"Startseite","item":"https:\/\/vianina.com\/blog\/"},{"@type":"ListItem","position":2,"name":"Vernissage in der Mimi im Stadtelefant"}]},{"@type":"WebSite","@id":"https:\/\/vianina.com\/blog\/#website","url":"https:\/\/vianina.com\/blog\/","name":"Vianina Blog","description":"Maps to the heart","publisher":{"@id":"https:\/\/vianina.com\/blog\/#organization"},"alternateName":"Maps to the heart","potentialAction":[{"@type":"SearchAction","target":{"@type":"EntryPoint","urlTemplate":"https:\/\/vianina.com\/blog\/?s={search_term_string}"},"query-input":{"@type":"PropertyValueSpecification","valueRequired":true,"valueName":"search_term_string"}}],"inLanguage":"de"},{"@type":"Organization","@id":"https:\/\/vianina.com\/blog\/#organization","name":"Vianina Blog","alternateName":"Maps to the heart","url":"https:\/\/vianina.com\/blog\/","logo":{"@type":"ImageObject","inLanguage":"de","@id":"https:\/\/vianina.com\/blog\/#\/schema\/logo\/image\/","url":"https:\/\/vianina.com\/blog\/wp-content\/uploads\/vianina-logo.svg","contentUrl":"https:\/\/vianina.com\/blog\/wp-content\/uploads\/vianina-logo.svg","width":"1024","height":"1024","caption":"Vianina Blog"},"image":{"@id":"https:\/\/vianina.com\/blog\/#\/schema\/logo\/image\/"},"sameAs":["https:\/\/www.facebook.com\/vianinacitymaps\/","https:\/\/www.instagram.com\/vianinacitymaps\/"]},{"@type":"Person","@id":"https:\/\/vianina.com\/blog\/#\/schema\/person\/7366472c14acd3ca80c820ff42b92c8d","name":"Nina Wilsmann","image":{"@type":"ImageObject","inLanguage":"de","@id":"https:\/\/vianina.com\/blog\/#\/schema\/person\/image\/","url":"https:\/\/secure.gravatar.com\/avatar\/652e1c0af8c917552325f80b970bb9ade407b38fa99aff015b98bda58d1fa710?s=96&d=mm&r=g","contentUrl":"https:\/\/secure.gravatar.com\/avatar\/652e1c0af8c917552325f80b970bb9ade407b38fa99aff015b98bda58d1fa710?s=96&d=mm&r=g","caption":"Nina Wilsmann"},"sameAs":["http:\/\/vianina.com"],"url":"https:\/\/vianina.com\/blog\/author\/hellovianina-com\/"}]}},"_links":{"self":[{"href":"https:\/\/vianina.com\/blog\/wp-json\/wp\/v2\/posts\/98","targetHints":{"allow":["GET"]}}],"collection":[{"href":"https:\/\/vianina.com\/blog\/wp-json\/wp\/v2\/posts"}],"about":[{"href":"https:\/\/vianina.com\/blog\/wp-json\/wp\/v2\/types\/post"}],"author":[{"embeddable":true,"href":"https:\/\/vianina.com\/blog\/wp-json\/wp\/v2\/users\/2"}],"replies":[{"embeddable":true,"href":"https:\/\/vianina.com\/blog\/wp-json\/wp\/v2\/comments?post=98"}],"version-history":[{"count":3,"href":"https:\/\/vianina.com\/blog\/wp-json\/wp\/v2\/posts\/98\/revisions"}],"predecessor-version":[{"id":1187,"href":"https:\/\/vianina.com\/blog\/wp-json\/wp\/v2\/posts\/98\/revisions\/1187"}],"wp:featuredmedia":[{"embeddable":true,"href":"https:\/\/vianina.com\/blog\/wp-json\/wp\/v2\/media\/475"}],"wp:attachment":[{"href":"https:\/\/vianina.com\/blog\/wp-json\/wp\/v2\/media?parent=98"}],"wp:term":[{"taxonomy":"category","embeddable":true,"href":"https:\/\/vianina.com\/blog\/wp-json\/wp\/v2\/categories?post=98"},{"taxonomy":"post_tag","embeddable":true,"href":"https:\/\/vianina.com\/blog\/wp-json\/wp\/v2\/tags?post=98"}],"curies":[{"name":"wp","href":"https:\/\/api.w.org\/{rel}","templated":true}]}}